{"id":1400,"date":"2019-03-22T12:47:42","date_gmt":"2019-03-22T10:47:42","guid":{"rendered":"http:\/\/www.kukakuunteleekoyhaa.fi\/wordpress\/?p=1400"},"modified":"2019-05-08T15:34:39","modified_gmt":"2019-05-08T12:34:39","slug":"tyoelaman-katketyt-kamppailut-vammaiset-yrittajina","status":"publish","type":"post","link":"https:\/\/www.kukakuunteleekoyhaa.fi\/wordpress\/2019\/03\/tyoelaman-katketyt-kamppailut-vammaiset-yrittajina\/","title":{"rendered":"Ty\u00f6el\u00e4m\u00e4n k\u00e4tketyt kamppailut -vammaiset yritt\u00e4jin\u00e4 Sosiaalifoorumissa 4.5.2019 klo 16.00-17.30"},"content":{"rendered":"\n<p>Vammaisten yritt\u00e4jien kohtaamiin kysymyksiin ty\u00f6el\u00e4m\u00e4ss\u00e4 perehdyt\u00e4\u00e4n erityisasiantuntijoiden voimalla 4.5. klo 16.00-17.30 Ty\u00f6el\u00e4m\u00e4n k\u00e4tketyt kamppailut -vammaiset yritt\u00e4jin\u00e4 keskustelutilaisuudessa. Tilaisuus j\u00e4rjestet\u00e4\u00e4n esteett\u00f6m\u00e4ss\u00e4 luokkahuoneessa 4.5. klo 16.00-17.30 huoneessa 44, nelj\u00e4nness\u00e4 kerroksessa. Kuka kuuntelee k\u00f6yh\u00e4\u00e4? -verkosto j\u00e4rjest\u00e4\u00e4 tilaisuuden yhdess\u00e4 N\u00e4k\u00f6vammaisten liiton, Invalidiliiton ja Yrityst\u00e4 -hankkeen kanssa. Ohjelman voit avata <a href=\"https:\/\/www.kukakuunteleekoyhaa.fi\/wordpress\/wp-content\/uploads\/2019\/04\/OHJELMA-Ty\u00f6el\u00e4m\u00e4n-k\u00e4tketyt-kamppailut-vammaiset-yritt\u00e4jin\u00e4-Sosiaalifoorum-2019.pdf\">t\u00e4st\u00e4 pdf-muodossa.<\/a><br><\/p>\n\n\n\n<p>Kev\u00e4\u00e4n sosiaalifoorumi 4-5.5 j\u00e4rjestet\u00e4\u00e4n Helsingiss\u00e4 Ruotsalaisella ty\u00f6v\u00e4enopistolla Dagmarinkatu 3. Tapahtuman p\u00e4\u00e4teemana on Polkuja j\u00e4rjestelmien muutokseen. P\u00e4\u00e4teema jakautuu viiteen osioon, jotka k\u00e4sittelev\u00e4t mm. ymp\u00e4rist\u00f6oikeudenmukaisuutta, ty\u00f6el\u00e4m\u00e4\u00e4 ja v\u00e4hemmist\u00f6kulttuureja. Sosiaalifoorumin kansainv\u00e4lisen\u00e4 vieraana on sosiologi-kirjailija ja sananvapausj\u00e4rjest\u00f6 PEN:in kunniaj\u00e4sen \u0130smail Be\u015fik\u00e7i. <br><\/p>\n\n\n\n<p><br><\/p>\n","protected":false},"excerpt":{"rendered":"<p>Vammaisten yritt\u00e4jien kohtaamiin kysymyksiin ty\u00f6el\u00e4m\u00e4ss\u00e4 perehdyt\u00e4\u00e4n erityisasiantuntijoiden voimalla 4.5. klo 16.00-17.30 Ty\u00f6el\u00e4m\u00e4n k\u00e4tketyt kamppailut -vammaiset yritt\u00e4jin\u00e4 keskustelutilaisuudessa. Tilaisuus j\u00e4rjestet\u00e4\u00e4n esteett\u00f6m\u00e4ss\u00e4 luokkahuoneessa 4.5. klo 16.00-17.30 huoneessa 44, nelj\u00e4nness\u00e4 kerroksessa. Kuka kuuntelee k\u00f6yh\u00e4\u00e4? -verkosto j\u00e4rjest\u00e4\u00e4 tilaisuuden yhdess\u00e4 N\u00e4k\u00f6vammaisten liiton, Invalidiliiton ja Yrityst\u00e4<span class=\"ellipsis\">&hellip;<\/span><\/p>\n<div class=\"read-more\"><a href=\"https:\/\/www.kukakuunteleekoyhaa.fi\/wordpress\/2019\/03\/tyoelaman-katketyt-kamppailut-vammaiset-yrittajina\/\">Lue lis\u00e4\u00e4 \u203a<\/a><\/div>\n<p><!-- end of .read-more --><\/p>\n","protected":false},"author":5,"featured_media":0,"comment_status":"closed","ping_status":"closed","sticky":false,"template":"","format":"standard","meta":{"spay_email":""},"categories":[3],"tags":[],"jetpack_featured_media_url":"","jetpack_shortlink":"https:\/\/wp.me\/p8vRYp-mA","_links":{"self":[{"href":"https:\/\/www.kukakuunteleekoyhaa.fi\/wordpress\/wp-json\/wp\/v2\/posts\/1400"}],"collection":[{"href":"https:\/\/www.kukakuunteleekoyhaa.fi\/wordpress\/wp-json\/wp\/v2\/posts"}],"about":[{"href":"https:\/\/www.kukakuunteleekoyhaa.fi\/wordpress\/wp-json\/wp\/v2\/types\/post"}],"author":[{"embeddable":true,"href":"https:\/\/www.kukakuunteleekoyhaa.fi\/wordpress\/wp-json\/wp\/v2\/users\/5"}],"replies":[{"embeddable":true,"href":"https:\/\/www.kukakuunteleekoyhaa.fi\/wordpress\/wp-json\/wp\/v2\/comments?post=1400"}],"version-history":[{"count":3,"href":"https:\/\/www.kukakuunteleekoyhaa.fi\/wordpress\/wp-json\/wp\/v2\/posts\/1400\/revisions"}],"predecessor-version":[{"id":1559,"href":"https:\/\/www.kukakuunteleekoyhaa.fi\/wordpress\/wp-json\/wp\/v2\/posts\/1400\/revisions\/1559"}],"wp:attachment":[{"href":"https:\/\/www.kukakuunteleekoyhaa.fi\/wordpress\/wp-json\/wp\/v2\/media?parent=1400"}],"wp:term":[{"taxonomy":"category","embeddable":true,"href":"https:\/\/www.kukakuunteleekoyhaa.fi\/wordpress\/wp-json\/wp\/v2\/categories?post=1400"},{"taxonomy":"post_tag","embeddable":true,"href":"https:\/\/www.kukakuunteleekoyhaa.fi\/wordpress\/wp-json\/wp\/v2\/tags?post=1400"}],"curies":[{"name":"wp","href":"https:\/\/api.w.org\/{rel}","templated":true}]}}