{"id":1432,"date":"2019-04-08T22:24:35","date_gmt":"2019-04-08T19:24:35","guid":{"rendered":"http:\/\/www.kukakuunteleekoyhaa.fi\/wordpress\/?p=1432"},"modified":"2019-04-23T15:06:37","modified_gmt":"2019-04-23T12:06:37","slug":"koyhyyskysely-pirkanmaan-kansanedustajaehdokkaille","status":"publish","type":"post","link":"https:\/\/www.kukakuunteleekoyhaa.fi\/wordpress\/2019\/04\/koyhyyskysely-pirkanmaan-kansanedustajaehdokkaille\/","title":{"rendered":"K\u00f6yhyyskysely Pirkanmaan kansanedustajaehdokkaille"},"content":{"rendered":"\n<p>\nKuka kuuntelee k\u00f6yh\u00e4\u00e4? -Tampereen alueverkosto teetti s\u00e4hk\u00f6isen \nk\u00f6yhyyskyselyn Pirkanmaan kansanedustajaehdokkaille. Kyselyn tavoitteena\n on her\u00e4tell\u00e4 p\u00e4\u00e4tt\u00e4ji\u00e4 siihen,ett\u00e4 k\u00f6yhyys on yhteiskunnallinen \nongelma. Kyselyss\u00e4 k\u00f6yhyyskokemusten moninaisuutta ja yleisyytt\u00e4 tuotiin\n esiin mahdollistamalla vastausten vapaavalintaiset lis\u00e4perustelut sek\u00e4 \nkysym\u00e4ll\u00e4 erityisesti vastaajien omista k\u00f6yhyyskokemuksista. \nKyselylomakkeen on luonut Setlementti Tampere ry. Kysely l\u00e4hetettiin \nsek\u00e4 kahdeksalle Haluatko kansanedustajaksi? -tilaisuuteen kutsutulle \nkansanedustajaehdokkaalle henkil\u00f6kohtaisesti ett\u00e4 seitsem\u00e4lletoista \nPirkanmaanvaalipiirin puolueen piiritoimistolle levitett\u00e4v\u00e4ksi.\n\n<\/p>\n\n\n\n<p>Alla olevasta listasta saat avattua ehdokkaan nime\u00e4 klikkaamalla h\u00e4nen vastauksensa pdf-muodossa. <br><\/p>\n\n\n\n<ul><li><a href=\"https:\/\/www.kukakuunteleekoyhaa.fi\/wordpress\/wp-content\/uploads\/2019\/04\/MikkoAaltonen_VAS.pdf\">Mikko Aaltonen, Vasemmistoliitto<\/a><\/li><li><a href=\"https:\/\/www.kukakuunteleekoyhaa.fi\/wordpress\/wp-content\/uploads\/2019\/04\/EijaViolettaAnnala_Sitoutumaton.pdf\">Eija Violetta Annala, sitoutumaton<\/a><\/li><li><a href=\"https:\/\/www.kukakuunteleekoyhaa.fi\/wordpress\/wp-content\/uploads\/2019\/04\/HenriH\u00e4kkil\u00e4_PerusS.pdf\">Henri H\u00e4kkil\u00e4, Perussuomalaiset<\/a><\/li><li><a href=\"https:\/\/www.kukakuunteleekoyhaa.fi\/wordpress\/wp-content\/uploads\/2019\/04\/MarjattaJokipolvi_SininenTulevaisuus.pdf\">Marjatta Jokipolvi, Sininen tulevaisuus<\/a><\/li><li><a href=\"https:\/\/www.kukakuunteleekoyhaa.fi\/wordpress\/wp-content\/uploads\/2019\/04\/SamuliKangaslampi_Piraattip.pdf\">Samuli Kangaslampi, Piraattipuolue<\/a><\/li><li><a href=\"https:\/\/www.kukakuunteleekoyhaa.fi\/wordpress\/wp-content\/uploads\/2019\/04\/JyriKer\u00e4nen_SDP.pdf\">Jyri Ker\u00e4nen, SDP<\/a><\/li><li><a href=\"https:\/\/www.kukakuunteleekoyhaa.fi\/wordpress\/wp-content\/uploads\/2019\/04\/RaunoKesseli_VAS.pdf\">Rauno Kesseli, Vasemmistoliitto<\/a><\/li><li><a href=\"https:\/\/www.kukakuunteleekoyhaa.fi\/wordpress\/wp-content\/uploads\/2019\/04\/TuulaKomsi_Kansalaisp.pdf\">Tuula Komsi, Kansalaispuolue<\/a><\/li><li><a href=\"https:\/\/www.kukakuunteleekoyhaa.fi\/wordpress\/wp-content\/uploads\/2019\/04\/AnnaKontula_VAS.pdf\">Anna Kontula, Vasemmistoliitto<\/a><\/li><li><a href=\"https:\/\/www.kukakuunteleekoyhaa.fi\/wordpress\/wp-content\/uploads\/2019\/04\/SatuKosola_Vasemmistol.pdf\">Satu Kosola, Vasemmistoliitto<\/a><\/li><li><a href=\"https:\/\/www.kukakuunteleekoyhaa.fi\/wordpress\/wp-content\/uploads\/2019\/04\/AnneliLehtonen_VAS.pdf\">Anneli Lehtonen, Vasemmistoliitto<\/a><\/li><li><a href=\"https:\/\/www.kukakuunteleekoyhaa.fi\/wordpress\/wp-content\/uploads\/2019\/04\/JuhoLyytik\u00e4inen_Itsen\u00e4isyysp.pdf\">Juho Lyytik\u00e4inen, Itsen\u00e4isyyspuolue<\/a><\/li><li><a href=\"https:\/\/www.kukakuunteleekoyhaa.fi\/wordpress\/wp-content\/uploads\/2019\/04\/EsaLyttinen_Piraattip.pdf\">Esa Lyttinen, Piraattipuolue<\/a><\/li><li><a href=\"https:\/\/www.kukakuunteleekoyhaa.fi\/wordpress\/wp-content\/uploads\/2019\/04\/AntonMurola_Liberaalip.pdf\">Anton Murola, Liberaalipuolue<\/a><\/li><li><a href=\"https:\/\/www.kukakuunteleekoyhaa.fi\/wordpress\/wp-content\/uploads\/2019\/04\/IikkaNikkinen_VAS.pdf\">Iikka Nikkinen, Vasemmistoliitto<\/a><\/li><li><a href=\"https:\/\/www.kukakuunteleekoyhaa.fi\/wordpress\/wp-content\/uploads\/2019\/04\/JuhoOjares_KOK.pdf\">Juho Ojares, Kokoomus<\/a><\/li><li><a href=\"https:\/\/www.kukakuunteleekoyhaa.fi\/wordpress\/wp-content\/uploads\/2019\/04\/PiilaPaalanen_Vihre\u00e4t.pdf\">Piila Paalanen, Vihre\u00e4t<\/a><\/li><li><a href=\"https:\/\/www.kukakuunteleekoyhaa.fi\/wordpress\/wp-content\/uploads\/2019\/04\/NinniPehkonen_Vihre\u00e4t.pdf\">Ninni Pehkonen, Vihre\u00e4t<\/a><\/li><li><a href=\"https:\/\/www.kukakuunteleekoyhaa.fi\/wordpress\/wp-content\/uploads\/2019\/04\/HeliPiirainen_VAS.pdf\">Heli Piirainen, Vasemmistoliitto<\/a><\/li><li><a href=\"https:\/\/www.kukakuunteleekoyhaa.fi\/wordpress\/wp-content\/uploads\/2019\/04\/IlkkaPorttikivi_VAS.pdf\">Ilkka Porttikivi, Vasemmistoliitto<\/a><\/li><li><a href=\"https:\/\/www.kukakuunteleekoyhaa.fi\/wordpress\/wp-content\/uploads\/2019\/04\/MariaP\u00e4iv\u00e4nen_SDP.pdf\">Maria P\u00e4iv\u00e4nen, SDP<\/a><\/li><li><a href=\"https:\/\/www.kukakuunteleekoyhaa.fi\/wordpress\/wp-content\/uploads\/2019\/04\/MiiaRajala_KESKUSTA.pdf\">Miia Rajala, Keskusta<\/a><\/li><li><a href=\"https:\/\/www.kukakuunteleekoyhaa.fi\/wordpress\/wp-content\/uploads\/2019\/04\/KaleviRiikonen_Itsen\u00e4isyysp.pdf\">Kalevi Riikonen, Itsen\u00e4isyyspuolue<\/a><\/li><li><a href=\"https:\/\/www.kukakuunteleekoyhaa.fi\/wordpress\/wp-content\/uploads\/2019\/04\/AnnamaijaSaarela_Feministip.pdf\">Annamaija Saarela, Feministinen puolue<\/a><\/li><li><a href=\"https:\/\/www.kukakuunteleekoyhaa.fi\/wordpress\/wp-content\/uploads\/2019\/04\/LeenaSaarela_VAS.pdf\">Leena Saarela, Vasemmistoliitto<\/a><br><\/li><li><a href=\"https:\/\/www.kukakuunteleekoyhaa.fi\/wordpress\/wp-content\/uploads\/2019\/04\/SariSaukkonen_Itsen\u00e4isyysp.pdf\">Saria Saukkonen, Itsen\u00e4isyyspuolue<\/a><\/li><li><a href=\"https:\/\/www.kukakuunteleekoyhaa.fi\/wordpress\/wp-content\/uploads\/2019\/04\/MarjoSimpura_Sitoutumaton.pdf\">Marjo Simpura, sitoutumaton<\/a><\/li><li><a href=\"https:\/\/www.kukakuunteleekoyhaa.fi\/wordpress\/wp-content\/uploads\/2019\/04\/SusannaSuoniemi_Vihre\u00e4t.pdf\">Susanna Suoniemi, Vihre\u00e4t<\/a><\/li><li><a href=\"https:\/\/www.kukakuunteleekoyhaa.fi\/wordpress\/wp-content\/uploads\/2019\/04\/EsaSuvivirta_Itsen\u00e4isyysp.pdf\">Esa Suvivirta, Itsen\u00e4isyyspuolue<\/a><\/li><li><a href=\"https:\/\/www.kukakuunteleekoyhaa.fi\/wordpress\/wp-content\/uploads\/2019\/04\/SakariTikander_Liberaalip.pdf\">Sakari Tikander, Liberaalipuolue<\/a><\/li><\/ul>\n","protected":false},"excerpt":{"rendered":"<p>Kuka kuuntelee k\u00f6yh\u00e4\u00e4? -Tampereen alueverkosto teetti s\u00e4hk\u00f6isen k\u00f6yhyyskyselyn Pirkanmaan kansanedustajaehdokkaille. Kyselyn tavoitteena on her\u00e4tell\u00e4 p\u00e4\u00e4tt\u00e4ji\u00e4 siihen,ett\u00e4 k\u00f6yhyys on yhteiskunnallinen ongelma. Kyselyss\u00e4 k\u00f6yhyyskokemusten moninaisuutta ja yleisyytt\u00e4 tuotiin esiin mahdollistamalla vastausten vapaavalintaiset lis\u00e4perustelut sek\u00e4 kysym\u00e4ll\u00e4 erityisesti vastaajien omista k\u00f6yhyyskokemuksista. Kyselylomakkeen on luonut<span class=\"ellipsis\">&hellip;<\/span><\/p>\n<div class=\"read-more\"><a href=\"https:\/\/www.kukakuunteleekoyhaa.fi\/wordpress\/2019\/04\/koyhyyskysely-pirkanmaan-kansanedustajaehdokkaille\/\">Lue lis\u00e4\u00e4 \u203a<\/a><\/div>\n<p><!-- end of .read-more --><\/p>\n","protected":false},"author":4,"featured_media":0,"comment_status":"closed","ping_status":"closed","sticky":false,"template":"","format":"standard","meta":{"spay_email":""},"categories":[3,1],"tags":[],"jetpack_featured_media_url":"","jetpack_shortlink":"https:\/\/wp.me\/p8vRYp-n6","_links":{"self":[{"href":"https:\/\/www.kukakuunteleekoyhaa.fi\/wordpress\/wp-json\/wp\/v2\/posts\/1432"}],"collection":[{"href":"https:\/\/www.kukakuunteleekoyhaa.fi\/wordpress\/wp-json\/wp\/v2\/posts"}],"about":[{"href":"https:\/\/www.kukakuunteleekoyhaa.fi\/wordpress\/wp-json\/wp\/v2\/types\/post"}],"author":[{"embeddable":true,"href":"https:\/\/www.kukakuunteleekoyhaa.fi\/wordpress\/wp-json\/wp\/v2\/users\/4"}],"replies":[{"embeddable":true,"href":"https:\/\/www.kukakuunteleekoyhaa.fi\/wordpress\/wp-json\/wp\/v2\/comments?post=1432"}],"version-history":[{"count":7,"href":"https:\/\/www.kukakuunteleekoyhaa.fi\/wordpress\/wp-json\/wp\/v2\/posts\/1432\/revisions"}],"predecessor-version":[{"id":1539,"href":"https:\/\/www.kukakuunteleekoyhaa.fi\/wordpress\/wp-json\/wp\/v2\/posts\/1432\/revisions\/1539"}],"wp:attachment":[{"href":"https:\/\/www.kukakuunteleekoyhaa.fi\/wordpress\/wp-json\/wp\/v2\/media?parent=1432"}],"wp:term":[{"taxonomy":"category","embeddable":true,"href":"https:\/\/www.kukakuunteleekoyhaa.fi\/wordpress\/wp-json\/wp\/v2\/categories?post=1432"},{"taxonomy":"post_tag","embeddable":true,"href":"https:\/\/www.kukakuunteleekoyhaa.fi\/wordpress\/wp-json\/wp\/v2\/tags?post=1432"}],"curies":[{"name":"wp","href":"https:\/\/api.w.org\/{rel}","templated":true}]}}