{"id":1932,"date":"2019-04-18T15:39:14","date_gmt":"2019-04-18T12:39:14","guid":{"rendered":"http:\/\/www.kukakuunteleekoyhaa.fi\/wordpress\/?p=1932"},"modified":"2019-10-18T16:00:49","modified_gmt":"2019-10-18T13:00:49","slug":"kuka-kuuntelee-koyhaa-kenen-pitaisi-kuunnella","status":"publish","type":"post","link":"https:\/\/www.kukakuunteleekoyhaa.fi\/wordpress\/2019\/04\/kuka-kuuntelee-koyhaa-kenen-pitaisi-kuunnella\/","title":{"rendered":"Kuka kuuntelee k\u00f6yh\u00e4\u00e4? -Kenen pit\u00e4isi kuunnella?"},"content":{"rendered":"\n<p>Aika: ma. 25.3. klo 17<\/p>\n\n\n\n<p>Paikka: L\u00e4ntinen kumppanuustalo Jukolassa, Eeronkuja 5, 13500 H\u00e4meenlinna<\/p>\n\n\n\n<p>J\u00e4rjest\u00e4j\u00e4: Kuka kuuntelee k\u00f6yh\u00e4\u00e4? H\u00e4meen seudun alueverkosto<\/p>\n\n\n\n<p>Aluekoordinaattori Katariina Baker<br>katariina.baker(at)3kverkosto.fi<br>puh. 045 851 6659<br><\/p>\n\n\n\n<p>Toteutunut 3K-talk: 25.3.2019 Kuka Kuuntelee K\u00f6yh\u00e4\u00e4? \u2013 Kenen pit\u00e4isi kuunnella?\u2013keskustelutilaisuus<\/p>\n\n\n\n<p>Tilaisuuden moderaattorina toimi k\u00f6yhyystutkija Minna Kivipelto. Tilaisuus striimattiin ja taltioitiin yhteisty\u00f6ss\u00e4 Mokian audiovisuaalisen ty\u00f6pajan kanssa. Tallenne tulossa 3K verkoston youtube kanavalle.<\/p>\n\n\n\n<p>Tavoitteena keskustelun her\u00e4tt\u00e4minen k\u00f6yhyydest\u00e4 ja eriarvoistumisesta. Tietoisuuden lis\u00e4\u00e4minen p\u00e4\u00e4tt\u00e4jille ja v\u00e4est\u00f6lle, jolla ei ole kokemusta k\u00f6yhyydest\u00e4. On syntynyt paljon yhteyksi\u00e4 alueellisiin, valtakunnallisiin sek\u00e4 Euroopan Unionin p\u00e4\u00e4tt\u00e4jiin. Saavutettu k\u00f6yhien voimaantuminen ja aktivoiminen.<\/p>\n\n\n\n<p>K\u00f6yhyytt\u00e4 kokeneiden l\u00e4hteminen mukaan toimintaan on ollut aktiivista. He osallistuvat kuukausittain 3K kokouksiin ja j\u00e4rjestettyihin koulutuksiin. Tilaisuuksien j\u00e4rjest\u00e4misess\u00e4 k\u00f6yhyytt\u00e4 kokeneet ovat hankkineet tarjoilua, levitt\u00e4neet tietoa tapahtumasta. K\u00f6yhyytt\u00e4 kokeneet ovat olleet tilaisuuksissa yleis\u00f6n\u00e4, erikoisasiantuntijoina ja vapaaehtoisina.<\/p>\n\n\n\n<p>Keskustelutilaisuuksiin osallistuneet p\u00e4\u00e4tt\u00e4j\u00e4t: H\u00e4meenlinnan kaupungin sosiaali- ja terveysjohtaja Jukka Lindberg, H\u00e4meenlinnan kaupungin sote-lautakunnan pj. Kaija-Leena Savijoki, H\u00e4meenlinnan kaupunginvaltuuston pj. Sari Myllykangas, KELA, etuusp\u00e4\u00e4llikk\u00f6 Marja-Leena Valkonen, kansanedustaja Tarja Filatov,( SDP), kansanedustaja Mirka Soinikoski, (vihr.), MEP Sirpa Pietik\u00e4inen, KOK.<\/p>\n\n\n\n<p>Toiminnassa mukana: Kanta-H\u00e4meen maakuntavalmistelu, H\u00e4meenlinnan seudun ty\u00f6valmennuss\u00e4\u00e4ti\u00f6 Luotsi, H\u00e4meenlinnan ja Vanajan seurakuntien diakonit ja k\u00f6yhyytt\u00e4 kokeneet erikoisasiantuntijat. 3K toimintaa on esitelty my\u00f6s maakuntavalmistelun taloussosiaality\u00f6n ryhm\u00e4ss\u00e4.<\/p>\n","protected":false},"excerpt":{"rendered":"<p>Aika: ma. 25.3. klo 17 Paikka: L\u00e4ntinen kumppanuustalo Jukolassa, Eeronkuja 5, 13500 H\u00e4meenlinna J\u00e4rjest\u00e4j\u00e4: Kuka kuuntelee k\u00f6yh\u00e4\u00e4? H\u00e4meen seudun alueverkosto Aluekoordinaattori Katariina Bakerkatariina.baker(at)3kverkosto.fipuh. 045 851 6659 Toteutunut 3K-talk: 25.3.2019 Kuka Kuuntelee K\u00f6yh\u00e4\u00e4? \u2013 Kenen pit\u00e4isi kuunnella?\u2013keskustelutilaisuus Tilaisuuden moderaattorina toimi k\u00f6yhyystutkija<span class=\"ellipsis\">&hellip;<\/span><\/p>\n<div class=\"read-more\"><a href=\"https:\/\/www.kukakuunteleekoyhaa.fi\/wordpress\/2019\/04\/kuka-kuuntelee-koyhaa-kenen-pitaisi-kuunnella\/\">Lue lis\u00e4\u00e4 \u203a<\/a><\/div>\n<p><!-- end of .read-more --><\/p>\n","protected":false},"author":9,"featured_media":0,"comment_status":"closed","ping_status":"closed","sticky":false,"template":"","format":"standard","meta":{"spay_email":""},"categories":[3],"tags":[],"jetpack_featured_media_url":"","jetpack_shortlink":"https:\/\/wp.me\/p8vRYp-va","_links":{"self":[{"href":"https:\/\/www.kukakuunteleekoyhaa.fi\/wordpress\/wp-json\/wp\/v2\/posts\/1932"}],"collection":[{"href":"https:\/\/www.kukakuunteleekoyhaa.fi\/wordpress\/wp-json\/wp\/v2\/posts"}],"about":[{"href":"https:\/\/www.kukakuunteleekoyhaa.fi\/wordpress\/wp-json\/wp\/v2\/types\/post"}],"author":[{"embeddable":true,"href":"https:\/\/www.kukakuunteleekoyhaa.fi\/wordpress\/wp-json\/wp\/v2\/users\/9"}],"replies":[{"embeddable":true,"href":"https:\/\/www.kukakuunteleekoyhaa.fi\/wordpress\/wp-json\/wp\/v2\/comments?post=1932"}],"version-history":[{"count":3,"href":"https:\/\/www.kukakuunteleekoyhaa.fi\/wordpress\/wp-json\/wp\/v2\/posts\/1932\/revisions"}],"predecessor-version":[{"id":1940,"href":"https:\/\/www.kukakuunteleekoyhaa.fi\/wordpress\/wp-json\/wp\/v2\/posts\/1932\/revisions\/1940"}],"wp:attachment":[{"href":"https:\/\/www.kukakuunteleekoyhaa.fi\/wordpress\/wp-json\/wp\/v2\/media?parent=1932"}],"wp:term":[{"taxonomy":"category","embeddable":true,"href":"https:\/\/www.kukakuunteleekoyhaa.fi\/wordpress\/wp-json\/wp\/v2\/categories?post=1932"},{"taxonomy":"post_tag","embeddable":true,"href":"https:\/\/www.kukakuunteleekoyhaa.fi\/wordpress\/wp-json\/wp\/v2\/tags?post=1932"}],"curies":[{"name":"wp","href":"https:\/\/api.w.org\/{rel}","templated":true}]}}