{"id":2891,"date":"2020-01-14T16:49:24","date_gmt":"2020-01-14T14:49:24","guid":{"rendered":"http:\/\/www.kukakuunteleekoyhaa.fi\/wordpress\/?p=2891"},"modified":"2021-05-27T16:38:43","modified_gmt":"2021-05-27T13:38:43","slug":"3k-talk-keskustelutilaisuus-tampereella-keskiviikkona-29-1-2020-klo-17-19","status":"publish","type":"post","link":"https:\/\/www.kukakuunteleekoyhaa.fi\/wordpress\/2020\/01\/3k-talk-keskustelutilaisuus-tampereella-keskiviikkona-29-1-2020-klo-17-19\/","title":{"rendered":"3K Talk -keskustelutilaisuus Tampereella keskiviikkona 29.1.2020 klo 17-19"},"content":{"rendered":"\n<h4>Aiheena on k\u00f6yhyys ja asunnottomuus Tampereella.<\/h4>\n\n\n\n<p><\/p>\n\n\n\n<h4>Tule edist\u00e4m\u00e4\u00e4n yhteiskunnallista osallisuutta, vaikuttamaan sosiaaliturvan kokonaisuudistukseen ja v\u00e4hent\u00e4m\u00e4\u00e4n k\u00f6yhyytt\u00e4.&nbsp;<\/h4>\n\n\n\n<p> Lis\u00e4tietoa Aluetoiminta -osiosta tai <a href=\"https:\/\/www.kukakuunteleekoyhaa.fi\/wordpress\/tampere\/\">https:\/\/www.kukakuunteleekoyhaa.fi\/wordpress\/tampere\/<\/a><\/p>\n\n\n\n<figure class=\"wp-block-image is-resized\"><img data-attachment-id=\"2884\" data-permalink=\"https:\/\/www.kukakuunteleekoyhaa.fi\/wordpress\/dav-4\/\" data-orig-file=\"https:\/\/www.kukakuunteleekoyhaa.fi\/wordpress\/wp-content\/uploads\/2020\/01\/tampere-Kuka-kuuntelee-k\u00f6yh\u00e4\u00e4.jpg\" data-orig-size=\"2382,2894\" data-comments-opened=\"0\" data-image-meta=\"{&quot;aperture&quot;:&quot;2&quot;,&quot;credit&quot;:&quot;&quot;,&quot;camera&quot;:&quot;NEM-L21&quot;,&quot;caption&quot;:&quot;dav&quot;,&quot;created_timestamp&quot;:&quot;1555417066&quot;,&quot;copyright&quot;:&quot;&quot;,&quot;focal_length&quot;:&quot;3.79&quot;,&quot;iso&quot;:&quot;50&quot;,&quot;shutter_speed&quot;:&quot;0.000541&quot;,&quot;title&quot;:&quot;dav&quot;,&quot;orientation&quot;:&quot;1&quot;}\" data-image-title=\"Kuka kuuntelee k\u00f6yh\u00e4\u00e4? Tampereella\" data-image-description=\"&lt;p&gt;Kuka kuuntelee k\u00f6yh\u00e4\u00e4? teksti ja taustalla Tampereen taloja&lt;\/p&gt;\n\" data-image-caption=\"&lt;p&gt;Kuka kuuntelee k\u00f6yh\u00e4\u00e4? Tampereella&lt;\/p&gt;\n\" data-medium-file=\"https:\/\/www.kukakuunteleekoyhaa.fi\/wordpress\/wp-content\/uploads\/2020\/01\/tampere-Kuka-kuuntelee-k\u00f6yh\u00e4\u00e4-247x300.jpg\" data-large-file=\"https:\/\/www.kukakuunteleekoyhaa.fi\/wordpress\/wp-content\/uploads\/2020\/01\/tampere-Kuka-kuuntelee-k\u00f6yh\u00e4\u00e4-843x1024.jpg\" loading=\"lazy\" src=\"https:\/\/www.kukakuunteleekoyhaa.fi\/wordpress\/wp-content\/uploads\/2020\/01\/tampere-Kuka-kuuntelee-k\u00f6yh\u00e4\u00e4-843x1024.jpg\" alt=\"Kuka kuuntelee k\u00f6yh\u00e4\u00e4? Tampereella\" class=\"wp-image-2884\" width=\"354\" height=\"429\" srcset=\"https:\/\/www.kukakuunteleekoyhaa.fi\/wordpress\/wp-content\/uploads\/2020\/01\/tampere-Kuka-kuuntelee-k\u00f6yh\u00e4\u00e4-843x1024.jpg 843w, https:\/\/www.kukakuunteleekoyhaa.fi\/wordpress\/wp-content\/uploads\/2020\/01\/tampere-Kuka-kuuntelee-k\u00f6yh\u00e4\u00e4-247x300.jpg 247w, https:\/\/www.kukakuunteleekoyhaa.fi\/wordpress\/wp-content\/uploads\/2020\/01\/tampere-Kuka-kuuntelee-k\u00f6yh\u00e4\u00e4-768x933.jpg 768w, https:\/\/www.kukakuunteleekoyhaa.fi\/wordpress\/wp-content\/uploads\/2020\/01\/tampere-Kuka-kuuntelee-k\u00f6yh\u00e4\u00e4-100x121.jpg 100w, https:\/\/www.kukakuunteleekoyhaa.fi\/wordpress\/wp-content\/uploads\/2020\/01\/tampere-Kuka-kuuntelee-k\u00f6yh\u00e4\u00e4-150x182.jpg 150w, https:\/\/www.kukakuunteleekoyhaa.fi\/wordpress\/wp-content\/uploads\/2020\/01\/tampere-Kuka-kuuntelee-k\u00f6yh\u00e4\u00e4-200x243.jpg 200w, https:\/\/www.kukakuunteleekoyhaa.fi\/wordpress\/wp-content\/uploads\/2020\/01\/tampere-Kuka-kuuntelee-k\u00f6yh\u00e4\u00e4-300x364.jpg 300w, https:\/\/www.kukakuunteleekoyhaa.fi\/wordpress\/wp-content\/uploads\/2020\/01\/tampere-Kuka-kuuntelee-k\u00f6yh\u00e4\u00e4-450x547.jpg 450w, https:\/\/www.kukakuunteleekoyhaa.fi\/wordpress\/wp-content\/uploads\/2020\/01\/tampere-Kuka-kuuntelee-k\u00f6yh\u00e4\u00e4-600x729.jpg 600w, https:\/\/www.kukakuunteleekoyhaa.fi\/wordpress\/wp-content\/uploads\/2020\/01\/tampere-Kuka-kuuntelee-k\u00f6yh\u00e4\u00e4-900x1093.jpg 900w\" sizes=\"(max-width: 354px) 100vw, 354px\" \/><figcaption>Kuka kuuntelee k\u00f6yh\u00e4\u00e4? Tampereella<\/figcaption><\/figure>\n","protected":false},"excerpt":{"rendered":"<p>Aiheena on k\u00f6yhyys ja asunnottomuus Tampereella. Tule edist\u00e4m\u00e4\u00e4n yhteiskunnallista osallisuutta, vaikuttamaan sosiaaliturvan kokonaisuudistukseen ja v\u00e4hent\u00e4m\u00e4\u00e4n k\u00f6yhyytt\u00e4.&nbsp; Lis\u00e4tietoa Aluetoiminta -osiosta tai https:\/\/www.kukakuunteleekoyhaa.fi\/wordpress\/tampere\/<\/p>\n","protected":false},"author":9,"featured_media":0,"comment_status":"closed","ping_status":"closed","sticky":false,"template":"","format":"standard","meta":{"spay_email":""},"categories":[3],"tags":[],"jetpack_featured_media_url":"","jetpack_shortlink":"https:\/\/wp.me\/p8vRYp-KD","_links":{"self":[{"href":"https:\/\/www.kukakuunteleekoyhaa.fi\/wordpress\/wp-json\/wp\/v2\/posts\/2891"}],"collection":[{"href":"https:\/\/www.kukakuunteleekoyhaa.fi\/wordpress\/wp-json\/wp\/v2\/posts"}],"about":[{"href":"https:\/\/www.kukakuunteleekoyhaa.fi\/wordpress\/wp-json\/wp\/v2\/types\/post"}],"author":[{"embeddable":true,"href":"https:\/\/www.kukakuunteleekoyhaa.fi\/wordpress\/wp-json\/wp\/v2\/users\/9"}],"replies":[{"embeddable":true,"href":"https:\/\/www.kukakuunteleekoyhaa.fi\/wordpress\/wp-json\/wp\/v2\/comments?post=2891"}],"version-history":[{"count":9,"href":"https:\/\/www.kukakuunteleekoyhaa.fi\/wordpress\/wp-json\/wp\/v2\/posts\/2891\/revisions"}],"predecessor-version":[{"id":3170,"href":"https:\/\/www.kukakuunteleekoyhaa.fi\/wordpress\/wp-json\/wp\/v2\/posts\/2891\/revisions\/3170"}],"wp:attachment":[{"href":"https:\/\/www.kukakuunteleekoyhaa.fi\/wordpress\/wp-json\/wp\/v2\/media?parent=2891"}],"wp:term":[{"taxonomy":"category","embeddable":true,"href":"https:\/\/www.kukakuunteleekoyhaa.fi\/wordpress\/wp-json\/wp\/v2\/categories?post=2891"},{"taxonomy":"post_tag","embeddable":true,"href":"https:\/\/www.kukakuunteleekoyhaa.fi\/wordpress\/wp-json\/wp\/v2\/tags?post=2891"}],"curies":[{"name":"wp","href":"https:\/\/api.w.org\/{rel}","templated":true}]}}