{"id":3704,"date":"2020-08-07T13:51:00","date_gmt":"2020-08-07T10:51:00","guid":{"rendered":"http:\/\/www.kukakuunteleekoyhaa.fi\/wordpress\/?p=3704"},"modified":"2021-05-27T16:31:55","modified_gmt":"2021-05-27T13:31:55","slug":"3k-verkoston-kokous-3-9-2020-kontulassa","status":"publish","type":"post","link":"https:\/\/www.kukakuunteleekoyhaa.fi\/wordpress\/2020\/08\/3k-verkoston-kokous-3-9-2020-kontulassa\/","title":{"rendered":"3k verkoston kokous 3.9.2020 Kontulassa"},"content":{"rendered":"\n<h3>Ohjelma: <\/h3>\n\n\n\n<h4>klo 11-12 esiintymiskoulutusta \/Jouko Vatanen<\/h4>\n\n\n\n<h4>klo 13 Varsinainen kokous; suunnittelemme Kuka kuuntelee 21.9.2020 leip\u00e4jonojen k\u00f6yh\u00e4\u00e4 -tapahtumaa ja olemme yhteydess\u00e4 Teams-ty\u00f6kalun avulla eri paikkakunnille. <\/h4>\n\n\n\n<h4>klo 15 K\u00e4velykierros; Kontulani &#8211; el\u00e4m\u00e4n mittainen matka. Tutustumme Kontulaan, Hima&amp;Strada oppaamme Emman seurassa.  <\/h4>\n\n\n\n<h4>Ilmoittautumiset ennakkoon: arja.tyynela@3kverkosto.fi<\/h4>\n\n\n\n<figure class=\"wp-block-image size-large is-resized\"><img data-attachment-id=\"3703\" data-permalink=\"https:\/\/www.kukakuunteleekoyhaa.fi\/wordpress\/img_20200903_155434\/\" data-orig-file=\"https:\/\/www.kukakuunteleekoyhaa.fi\/wordpress\/wp-content\/uploads\/2020\/09\/IMG_20200903_155434.jpg\" data-orig-size=\"1999,1759\" data-comments-opened=\"0\" data-image-meta=\"{&quot;aperture&quot;:&quot;2.2&quot;,&quot;credit&quot;:&quot;&quot;,&quot;camera&quot;:&quot;Nokia 4.2&quot;,&quot;caption&quot;:&quot;&quot;,&quot;created_timestamp&quot;:&quot;0&quot;,&quot;copyright&quot;:&quot;&quot;,&quot;focal_length&quot;:&quot;3.46&quot;,&quot;iso&quot;:&quot;100&quot;,&quot;shutter_speed&quot;:&quot;0.016830266&quot;,&quot;title&quot;:&quot;&quot;,&quot;orientation&quot;:&quot;1&quot;}\" data-image-title=\"Kuka kuuntelee k\u00f6yh\u00e4\u00e4?\" data-image-description=\"&lt;p&gt;3k verkosto Kontulakierroksella&lt;\/p&gt;\n\" data-image-caption=\"&lt;p&gt;Kuka kuuntelee k\u00f6yh\u00e4\u00e4?&lt;\/p&gt;\n\" data-medium-file=\"https:\/\/www.kukakuunteleekoyhaa.fi\/wordpress\/wp-content\/uploads\/2020\/09\/IMG_20200903_155434-300x264.jpg\" data-large-file=\"https:\/\/www.kukakuunteleekoyhaa.fi\/wordpress\/wp-content\/uploads\/2020\/09\/IMG_20200903_155434-1024x901.jpg\" loading=\"lazy\" src=\"https:\/\/www.kukakuunteleekoyhaa.fi\/wordpress\/wp-content\/uploads\/2020\/09\/IMG_20200903_155434-1024x901.jpg\" alt=\"\" class=\"wp-image-3703\" width=\"618\" height=\"543\" srcset=\"https:\/\/www.kukakuunteleekoyhaa.fi\/wordpress\/wp-content\/uploads\/2020\/09\/IMG_20200903_155434-1024x901.jpg 1024w, https:\/\/www.kukakuunteleekoyhaa.fi\/wordpress\/wp-content\/uploads\/2020\/09\/IMG_20200903_155434-300x264.jpg 300w, https:\/\/www.kukakuunteleekoyhaa.fi\/wordpress\/wp-content\/uploads\/2020\/09\/IMG_20200903_155434-768x676.jpg 768w, https:\/\/www.kukakuunteleekoyhaa.fi\/wordpress\/wp-content\/uploads\/2020\/09\/IMG_20200903_155434-1536x1352.jpg 1536w, https:\/\/www.kukakuunteleekoyhaa.fi\/wordpress\/wp-content\/uploads\/2020\/09\/IMG_20200903_155434-100x88.jpg 100w, https:\/\/www.kukakuunteleekoyhaa.fi\/wordpress\/wp-content\/uploads\/2020\/09\/IMG_20200903_155434-150x132.jpg 150w, https:\/\/www.kukakuunteleekoyhaa.fi\/wordpress\/wp-content\/uploads\/2020\/09\/IMG_20200903_155434-200x176.jpg 200w, https:\/\/www.kukakuunteleekoyhaa.fi\/wordpress\/wp-content\/uploads\/2020\/09\/IMG_20200903_155434-450x396.jpg 450w, https:\/\/www.kukakuunteleekoyhaa.fi\/wordpress\/wp-content\/uploads\/2020\/09\/IMG_20200903_155434-600x528.jpg 600w, https:\/\/www.kukakuunteleekoyhaa.fi\/wordpress\/wp-content\/uploads\/2020\/09\/IMG_20200903_155434-900x792.jpg 900w, https:\/\/www.kukakuunteleekoyhaa.fi\/wordpress\/wp-content\/uploads\/2020\/09\/IMG_20200903_155434.jpg 1999w\" sizes=\"(max-width: 618px) 100vw, 618px\" \/><figcaption>Muraali; Polo Torres -visual artist &#8211; Kuka kuuntelee k\u00f6yh\u00e4\u00e4 Kontulassa? <\/figcaption><\/figure>\n","protected":false},"excerpt":{"rendered":"<p>Ohjelma: klo 11-12 esiintymiskoulutusta \/Jouko Vatanen klo 13 Varsinainen kokous; suunnittelemme Kuka kuuntelee 21.9.2020 leip\u00e4jonojen k\u00f6yh\u00e4\u00e4 -tapahtumaa ja olemme yhteydess\u00e4 Teams-ty\u00f6kalun avulla eri paikkakunnille. klo 15 K\u00e4velykierros; Kontulani &#8211; el\u00e4m\u00e4n mittainen matka. Tutustumme Kontulaan, Hima&amp;Strada oppaamme Emman seurassa. Ilmoittautumiset ennakkoon:<span class=\"ellipsis\">&hellip;<\/span><\/p>\n<div class=\"read-more\"><a href=\"https:\/\/www.kukakuunteleekoyhaa.fi\/wordpress\/2020\/08\/3k-verkoston-kokous-3-9-2020-kontulassa\/\">Lue lis\u00e4\u00e4 \u203a<\/a><\/div>\n<p><!-- end of .read-more --><\/p>\n","protected":false},"author":9,"featured_media":0,"comment_status":"closed","ping_status":"closed","sticky":false,"template":"","format":"standard","meta":{"spay_email":""},"categories":[3],"tags":[],"jetpack_featured_media_url":"","jetpack_shortlink":"https:\/\/wp.me\/p8vRYp-XK","_links":{"self":[{"href":"https:\/\/www.kukakuunteleekoyhaa.fi\/wordpress\/wp-json\/wp\/v2\/posts\/3704"}],"collection":[{"href":"https:\/\/www.kukakuunteleekoyhaa.fi\/wordpress\/wp-json\/wp\/v2\/posts"}],"about":[{"href":"https:\/\/www.kukakuunteleekoyhaa.fi\/wordpress\/wp-json\/wp\/v2\/types\/post"}],"author":[{"embeddable":true,"href":"https:\/\/www.kukakuunteleekoyhaa.fi\/wordpress\/wp-json\/wp\/v2\/users\/9"}],"replies":[{"embeddable":true,"href":"https:\/\/www.kukakuunteleekoyhaa.fi\/wordpress\/wp-json\/wp\/v2\/comments?post=3704"}],"version-history":[{"count":4,"href":"https:\/\/www.kukakuunteleekoyhaa.fi\/wordpress\/wp-json\/wp\/v2\/posts\/3704\/revisions"}],"predecessor-version":[{"id":3712,"href":"https:\/\/www.kukakuunteleekoyhaa.fi\/wordpress\/wp-json\/wp\/v2\/posts\/3704\/revisions\/3712"}],"wp:attachment":[{"href":"https:\/\/www.kukakuunteleekoyhaa.fi\/wordpress\/wp-json\/wp\/v2\/media?parent=3704"}],"wp:term":[{"taxonomy":"category","embeddable":true,"href":"https:\/\/www.kukakuunteleekoyhaa.fi\/wordpress\/wp-json\/wp\/v2\/categories?post=3704"},{"taxonomy":"post_tag","embeddable":true,"href":"https:\/\/www.kukakuunteleekoyhaa.fi\/wordpress\/wp-json\/wp\/v2\/tags?post=3704"}],"curies":[{"name":"wp","href":"https:\/\/api.w.org\/{rel}","templated":true}]}}