{"id":3973,"date":"2020-10-13T10:59:00","date_gmt":"2020-10-13T07:59:00","guid":{"rendered":"http:\/\/www.kukakuunteleekoyhaa.fi\/wordpress\/?p=3973"},"modified":"2021-05-27T16:29:53","modified_gmt":"2021-05-27T13:29:53","slug":"koyhyytta-kokeneet-ja-kansanedustajat-samassa-poydassa-21-10-2020","status":"publish","type":"post","link":"https:\/\/www.kukakuunteleekoyhaa.fi\/wordpress\/2020\/10\/koyhyytta-kokeneet-ja-kansanedustajat-samassa-poydassa-21-10-2020\/","title":{"rendered":"K\u00f6yhyytt\u00e4 kokeneet ja kansanedustajat samassa p\u00f6yd\u00e4ss\u00e4 21.10.2020"},"content":{"rendered":"\n<h4>Kuka kuuntelee k\u00f6yh\u00e4\u00e4? -verkosto, EAPN-Fin ja Ty\u00f6tt\u00f6mien Keskusj\u00e4rjest\u00f6 ry j\u00e4rjest\u00e4v\u00e4t tapahtuman K\u00f6yhyytt\u00e4 kokeneet ja kansanedustajat samassa p\u00f6yd\u00e4ss\u00e4. Tilaisuus on j\u00e4rjestyksess\u00e4 toinen.<\/h4>\n\n\n\n<p>Millaista on olla k\u00f6yh\u00e4, pienituloinen, ty\u00f6t\u00f6n? T\u00e4t\u00e4 todellisuutta jaetaan p\u00e4\u00e4tt\u00e4jille ja yhdess\u00e4 etsit\u00e4\u00e4n ongelmiin my\u00f6s ratkaisuja kansallisessa k\u00f6yhyytt\u00e4 kokeneiden kuulemistapahtumassa. Se j\u00e4rjestet\u00e4\u00e4n&nbsp;<strong>21.10.2020 klo 9 \u2013 12<\/strong>. kirkkohallituksen auditoriossa (Etel\u00e4ranta 8, Helsinki). Tilaisuuteen on mahdollista osallistua sek\u00e4 paikan p\u00e4\u00e4ll\u00e4 ett\u00e4 et\u00e4yhteydell\u00e4.<\/p>\n\n\n\n<p><strong>Tilaisuus on kaksiosainen.<\/strong>&nbsp;Ensimm\u00e4isess\u00e4 osassa kansanedustajat osallistuvat teemallisiin pienryhmiin, jossa k\u00f6yhyytt\u00e4 kokenut kertoo el\u00e4m\u00e4ntarinansa kautta k\u00f6yhyydest\u00e4. Yhdess\u00e4 pienryhm\u00e4 kehitt\u00e4\u00e4 ratkaisuehdotuksen tarinassa esiin nousseeseen yhteiskunnalliseen ep\u00e4kohtaan.<strong>&nbsp;Yleis\u00f6lle avoin osuus alkaa kahvilla klo 9.50<\/strong>, jonka j\u00e4lkeen ryhm\u00e4t esittelev\u00e4t k\u00f6yhyysongelman sek\u00e4 kehitt\u00e4m\u00e4ns\u00e4 ratkaisuehdotuksen ja k\u00e4yd\u00e4\u00e4n keskustelua aiheesta.<\/p>\n\n\n\n<p><strong>Aikataulu<\/strong><\/p>\n\n\n\n<p>klo 8.30 aamukahvi pienryhmiin osallistuville<\/p>\n\n\n\n<p>klo 9-10 ryhm\u00e4ty\u00f6skentely\u00e4<\/p>\n\n\n\n<p>Klo 10-12&nbsp;<strong>Yleis\u00f6lle avoin tilaisuus<\/strong>, jossa esitell\u00e4\u00e4n ryhm\u00e4ty\u00f6skentelyn tulokset ja k\u00e4yd\u00e4\u00e4n keskustelua. Kahvia tarjolla 9.50 alkaen.<\/p>\n\n\n\n<p><strong>ILMOITTAUDU T\u00c4ST\u00c4 LINKIST\u00c4<\/strong>&nbsp;(sek\u00e4 paikalla- ett\u00e4 et\u00e4osallistujat):&nbsp;<a href=\"https:\/\/www.lyyti.fi\/reg\/samassa_poydassa\">https:\/\/www.lyyti.fi\/reg\/samassa_poydassa<\/a><\/p>\n\n\n\n<p>Tilaisuuden j\u00e4rjest\u00e4v\u00e4t Suomen k\u00f6yhyyden vastainen verkosto EAPN-Fin, Kuka kuuntelee k\u00f6yh\u00e4\u00e4 -verkosto sek\u00e4 Ty\u00f6tt\u00f6mien Keskusj\u00e4rjest\u00f6 ry.<\/p>\n\n\n\n<h3>K\u00f6yhyytt\u00e4 kokeneiden n\u00e4kemykset t\u00e4rkeit\u00e4 sosiaaliturvan uudistamisessa<\/h3>\n\n\n\n<p>K\u00f6yhyytt\u00e4 kokeneiden ja p\u00e4\u00e4tt\u00e4jien t\u00e4m\u00e4nmuotoinen tapaaminen&nbsp;<a href=\"http:\/\/www.eapn.fi\/koyhyytta-kokeneet-haastoivat-kansanedustajia-ratkomaan-koyhyyden-ja-syrjaytymisen-ongelmia\/\">j\u00e4rjestettiin<\/a>&nbsp;ensimm\u00e4ist\u00e4 kertaa viime syksyn\u00e4. Yksitoista kansanedustajaa tai heid\u00e4n avustajaansa otti haasteen vastaan ja tuli keskustelemaan k\u00f6yhyydest\u00e4 ja syrj\u00e4ytymisest\u00e4 k\u00f6yhyytt\u00e4 kokeneiden ihmisten tarinoiden pohjalta. Tilaisuudessa k\u00e4vi selv\u00e4ksi, ett\u00e4 t\u00e4llaisia tapaamisia tarvitaan muun muassa sosiaaliturvan uudistamisty\u00f6ss\u00e4.<\/p>\n\n\n\n<p>Palvelu- ja etuusj\u00e4rjestelm\u00e4 on k\u00f6yhyytt\u00e4 kokeneiden mukaan eritt\u00e4in monimutkainen ja pirstaleinen. Kansanedustajat eiv\u00e4t v\u00e4ltt\u00e4m\u00e4tt\u00e4 tunne kovin hyvin kansalaisten arkea sen keskell\u00e4.<\/p>\n\n\n\n<p>kirjoittanut Erja Saarinen, EAPN-Fin<\/p>\n\n\n\n<p><\/p>\n\n\n\n<figure class=\"wp-block-image size-large\"><img data-attachment-id=\"3972\" data-permalink=\"https:\/\/www.kukakuunteleekoyhaa.fi\/wordpress\/logo-kansanedustajat-samassa-p-1024x653\/\" data-orig-file=\"https:\/\/www.kukakuunteleekoyhaa.fi\/wordpress\/wp-content\/uploads\/2020\/10\/Logo-kansanedustajat-samassa-p-1024x653-1.jpg\" data-orig-size=\"1024,653\" data-comments-opened=\"0\" data-image-meta=\"{&quot;aperture&quot;:&quot;0&quot;,&quot;credit&quot;:&quot;&quot;,&quot;camera&quot;:&quot;&quot;,&quot;caption&quot;:&quot;&quot;,&quot;created_timestamp&quot;:&quot;0&quot;,&quot;copyright&quot;:&quot;&quot;,&quot;focal_length&quot;:&quot;0&quot;,&quot;iso&quot;:&quot;0&quot;,&quot;shutter_speed&quot;:&quot;0&quot;,&quot;title&quot;:&quot;&quot;,&quot;orientation&quot;:&quot;0&quot;}\" data-image-title=\"K\u00f6yhyytt\u00e4 kokeneet ja kansanedustajat samassa p\u00f6yd\u00e4ss\u00e4\" data-image-description=\"&lt;p&gt;K\u00f6yhyytt\u00e4 kokeneet ja kansanedustajat samassa p\u00f6yd\u00e4ss\u00e4&lt;\/p&gt;\n\" data-image-caption=\"&lt;p&gt;K\u00f6yhyytt\u00e4 kokeneet ja kansanedustajat samassa p\u00f6yd\u00e4ss\u00e4&lt;\/p&gt;\n\" data-medium-file=\"https:\/\/www.kukakuunteleekoyhaa.fi\/wordpress\/wp-content\/uploads\/2020\/10\/Logo-kansanedustajat-samassa-p-1024x653-1-300x191.jpg\" data-large-file=\"https:\/\/www.kukakuunteleekoyhaa.fi\/wordpress\/wp-content\/uploads\/2020\/10\/Logo-kansanedustajat-samassa-p-1024x653-1.jpg\" loading=\"lazy\" width=\"1024\" height=\"653\" src=\"https:\/\/www.kukakuunteleekoyhaa.fi\/wordpress\/wp-content\/uploads\/2020\/10\/Logo-kansanedustajat-samassa-p-1024x653-1.jpg\" alt=\"\" class=\"wp-image-3972\" srcset=\"https:\/\/www.kukakuunteleekoyhaa.fi\/wordpress\/wp-content\/uploads\/2020\/10\/Logo-kansanedustajat-samassa-p-1024x653-1.jpg 1024w, https:\/\/www.kukakuunteleekoyhaa.fi\/wordpress\/wp-content\/uploads\/2020\/10\/Logo-kansanedustajat-samassa-p-1024x653-1-300x191.jpg 300w, https:\/\/www.kukakuunteleekoyhaa.fi\/wordpress\/wp-content\/uploads\/2020\/10\/Logo-kansanedustajat-samassa-p-1024x653-1-768x490.jpg 768w, https:\/\/www.kukakuunteleekoyhaa.fi\/wordpress\/wp-content\/uploads\/2020\/10\/Logo-kansanedustajat-samassa-p-1024x653-1-100x64.jpg 100w, https:\/\/www.kukakuunteleekoyhaa.fi\/wordpress\/wp-content\/uploads\/2020\/10\/Logo-kansanedustajat-samassa-p-1024x653-1-150x96.jpg 150w, https:\/\/www.kukakuunteleekoyhaa.fi\/wordpress\/wp-content\/uploads\/2020\/10\/Logo-kansanedustajat-samassa-p-1024x653-1-200x128.jpg 200w, https:\/\/www.kukakuunteleekoyhaa.fi\/wordpress\/wp-content\/uploads\/2020\/10\/Logo-kansanedustajat-samassa-p-1024x653-1-450x287.jpg 450w, https:\/\/www.kukakuunteleekoyhaa.fi\/wordpress\/wp-content\/uploads\/2020\/10\/Logo-kansanedustajat-samassa-p-1024x653-1-600x383.jpg 600w, https:\/\/www.kukakuunteleekoyhaa.fi\/wordpress\/wp-content\/uploads\/2020\/10\/Logo-kansanedustajat-samassa-p-1024x653-1-900x574.jpg 900w\" sizes=\"(max-width: 1024px) 100vw, 1024px\" \/><figcaption>K\u00f6yhyytt\u00e4 kokeneet ja kansanedustajat samassa p\u00f6yd\u00e4ss\u00e4<\/figcaption><\/figure>\n\n\n\n<h4>Ryhm\u00e4keskustelujen tarkennetut aiheet ja tarinat: <a href=\"http:\/\/www.eapn.fi\/wp-content\/uploads\/2020\/10\/Koyhyytta-kokeneiden-tarinat-Koyhyytta-kokeneet-ja-kansanedustajat-samassa-poydassa-21-10-2020.pdf\">http:\/\/www.eapn.fi\/wp-content\/uploads\/2020\/10\/Koyhyytta-kokeneiden-tarinat-Koyhyytta-kokeneet-ja-kansanedustajat-samassa-poydassa-21-10-2020.pdf<\/a><\/h4>\n\n\n\n<p><\/p>\n","protected":false},"excerpt":{"rendered":"<p>Kuka kuuntelee k\u00f6yh\u00e4\u00e4? -verkosto, EAPN-Fin ja Ty\u00f6tt\u00f6mien Keskusj\u00e4rjest\u00f6 ry j\u00e4rjest\u00e4v\u00e4t tapahtuman K\u00f6yhyytt\u00e4 kokeneet ja kansanedustajat samassa p\u00f6yd\u00e4ss\u00e4. Tilaisuus on j\u00e4rjestyksess\u00e4 toinen. Millaista on olla k\u00f6yh\u00e4, pienituloinen, ty\u00f6t\u00f6n? T\u00e4t\u00e4 todellisuutta jaetaan p\u00e4\u00e4tt\u00e4jille ja yhdess\u00e4 etsit\u00e4\u00e4n ongelmiin my\u00f6s ratkaisuja kansallisessa k\u00f6yhyytt\u00e4 kokeneiden<span class=\"ellipsis\">&hellip;<\/span><\/p>\n<div class=\"read-more\"><a href=\"https:\/\/www.kukakuunteleekoyhaa.fi\/wordpress\/2020\/10\/koyhyytta-kokeneet-ja-kansanedustajat-samassa-poydassa-21-10-2020\/\">Lue lis\u00e4\u00e4 \u203a<\/a><\/div>\n<p><!-- end of .read-more --><\/p>\n","protected":false},"author":9,"featured_media":0,"comment_status":"closed","ping_status":"closed","sticky":false,"template":"","format":"standard","meta":{"spay_email":""},"categories":[3],"tags":[],"jetpack_featured_media_url":"","jetpack_shortlink":"https:\/\/wp.me\/p8vRYp-125","_links":{"self":[{"href":"https:\/\/www.kukakuunteleekoyhaa.fi\/wordpress\/wp-json\/wp\/v2\/posts\/3973"}],"collection":[{"href":"https:\/\/www.kukakuunteleekoyhaa.fi\/wordpress\/wp-json\/wp\/v2\/posts"}],"about":[{"href":"https:\/\/www.kukakuunteleekoyhaa.fi\/wordpress\/wp-json\/wp\/v2\/types\/post"}],"author":[{"embeddable":true,"href":"https:\/\/www.kukakuunteleekoyhaa.fi\/wordpress\/wp-json\/wp\/v2\/users\/9"}],"replies":[{"embeddable":true,"href":"https:\/\/www.kukakuunteleekoyhaa.fi\/wordpress\/wp-json\/wp\/v2\/comments?post=3973"}],"version-history":[{"count":7,"href":"https:\/\/www.kukakuunteleekoyhaa.fi\/wordpress\/wp-json\/wp\/v2\/posts\/3973\/revisions"}],"predecessor-version":[{"id":4013,"href":"https:\/\/www.kukakuunteleekoyhaa.fi\/wordpress\/wp-json\/wp\/v2\/posts\/3973\/revisions\/4013"}],"wp:attachment":[{"href":"https:\/\/www.kukakuunteleekoyhaa.fi\/wordpress\/wp-json\/wp\/v2\/media?parent=3973"}],"wp:term":[{"taxonomy":"category","embeddable":true,"href":"https:\/\/www.kukakuunteleekoyhaa.fi\/wordpress\/wp-json\/wp\/v2\/categories?post=3973"},{"taxonomy":"post_tag","embeddable":true,"href":"https:\/\/www.kukakuunteleekoyhaa.fi\/wordpress\/wp-json\/wp\/v2\/tags?post=3973"}],"curies":[{"name":"wp","href":"https:\/\/api.w.org\/{rel}","templated":true}]}}