{"id":4003,"date":"2020-11-02T13:33:16","date_gmt":"2020-11-02T11:33:16","guid":{"rendered":"http:\/\/www.kukakuunteleekoyhaa.fi\/wordpress\/?p=4003"},"modified":"2021-05-27T16:29:19","modified_gmt":"2021-05-27T13:29:19","slug":"koyhyytta-kokeneet-ja-kansanedustajat-samassa-poydassa-21-10-2020-tapahtuman-materiaalit","status":"publish","type":"post","link":"https:\/\/www.kukakuunteleekoyhaa.fi\/wordpress\/2020\/11\/koyhyytta-kokeneet-ja-kansanedustajat-samassa-poydassa-21-10-2020-tapahtuman-materiaalit\/","title":{"rendered":"K\u00f6yhyytt\u00e4 kokeneet ja kansanedustajat samassa p\u00f6yd\u00e4ss\u00e4 21.10.2020 -tapahtuman materiaalit"},"content":{"rendered":"\n<h3>Kohtuuttomia tilanteita ja byrokratiamyllyj\u00e4 \u2013 k\u00f6yhyytt\u00e4 kokeneet ihmiset ja p\u00e4\u00e4tt\u00e4j\u00e4t etsiv\u00e4t yhdess\u00e4 ratkaisuja. Lue koko uutinen oheisesta linkist\u00e4.<\/h3>\n\n\n\n<p><\/p>\n\n\n\n<p><\/p>\n\n\n\n<h3><a href=\"http:\/\/www.eapn.fi\/kohtuuttomia-tilanteita-ja-byrokratiamyllyja-koyhyytta-kokeneet-ihmiset-ja-paattajat-etsivat-yhdessa-ratkaisuja\/\">http:\/\/www.eapn.fi\/kohtuuttomia-tilanteita-ja-byrokratiamyllyja-koyhyytta-kokeneet-ihmiset-ja-paattajat-etsivat-yhdessa-ratkaisuja\/<\/a><\/h3>\n\n\n\n<p><\/p>\n\n\n\n<h4>K\u00f6yhyytt\u00e4 kokeneiden tarinat:<\/h4>\n\n\n\n<h5> <a href=\"http:\/\/www.eapn.fi\/wp-content\/uploads\/2020\/10\/Koyhyytta-kokeneiden-tarinat-Koyhyytta-kokeneet-ja-kansanedustajat-samassa-poydassa-21-10-2020.pdf\">http:\/\/www.eapn.fi\/wp-content\/uploads\/2020\/10\/Koyhyytta-kokeneiden-tarinat-Koyhyytta-kokeneet-ja-kansanedustajat-samassa-poydassa-21-10-2020.pdf<\/a><\/h5>\n\n\n\n<figure class=\"wp-block-image size-large is-resized\"><img data-attachment-id=\"4009\" data-permalink=\"https:\/\/www.kukakuunteleekoyhaa.fi\/wordpress\/koyhyytta-kokeneet-ja-paattajat-samassa-poydassa-211020-kuva-jouko-vatanen-jpg-pakattu\/\" data-orig-file=\"https:\/\/www.kukakuunteleekoyhaa.fi\/wordpress\/wp-content\/uploads\/2020\/11\/Koyhyytta-kokeneet-ja-paattajat-samassa-poydassa-211020-kuva-Jouko-Vatanen.jpg-pakattu.jpg\" data-orig-size=\"701,356\" data-comments-opened=\"0\" data-image-meta=\"{&quot;aperture&quot;:&quot;0&quot;,&quot;credit&quot;:&quot;&quot;,&quot;camera&quot;:&quot;&quot;,&quot;caption&quot;:&quot;&quot;,&quot;created_timestamp&quot;:&quot;0&quot;,&quot;copyright&quot;:&quot;&quot;,&quot;focal_length&quot;:&quot;0&quot;,&quot;iso&quot;:&quot;0&quot;,&quot;shutter_speed&quot;:&quot;0&quot;,&quot;title&quot;:&quot;&quot;,&quot;orientation&quot;:&quot;0&quot;}\" data-image-title=\"Koyhyytta-kokeneet-ja-paattajat-samassa-poydassa-211020-kuva-Jouko-Vatanen.jpg-pakattu\" data-image-description=\"\" data-image-caption=\"&lt;p&gt;K\u00f6yhyytt\u00e4 kokeneet ja kansanedustajat samassa p\u00f6yd\u00e4ss\u00e4 2020&lt;\/p&gt;\n\" data-medium-file=\"https:\/\/www.kukakuunteleekoyhaa.fi\/wordpress\/wp-content\/uploads\/2020\/11\/Koyhyytta-kokeneet-ja-paattajat-samassa-poydassa-211020-kuva-Jouko-Vatanen.jpg-pakattu-300x152.jpg\" data-large-file=\"https:\/\/www.kukakuunteleekoyhaa.fi\/wordpress\/wp-content\/uploads\/2020\/11\/Koyhyytta-kokeneet-ja-paattajat-samassa-poydassa-211020-kuva-Jouko-Vatanen.jpg-pakattu.jpg\" loading=\"lazy\" src=\"https:\/\/www.kukakuunteleekoyhaa.fi\/wordpress\/wp-content\/uploads\/2020\/11\/Koyhyytta-kokeneet-ja-paattajat-samassa-poydassa-211020-kuva-Jouko-Vatanen.jpg-pakattu.jpg\" alt=\"K\u00f6yhyytt\u00e4 kokeneet ja kansanedustajat samassa p\u00f6yd\u00e4ss\u00e4 2020\" class=\"wp-image-4009\" width=\"561\" height=\"284\" srcset=\"https:\/\/www.kukakuunteleekoyhaa.fi\/wordpress\/wp-content\/uploads\/2020\/11\/Koyhyytta-kokeneet-ja-paattajat-samassa-poydassa-211020-kuva-Jouko-Vatanen.jpg-pakattu.jpg 701w, https:\/\/www.kukakuunteleekoyhaa.fi\/wordpress\/wp-content\/uploads\/2020\/11\/Koyhyytta-kokeneet-ja-paattajat-samassa-poydassa-211020-kuva-Jouko-Vatanen.jpg-pakattu-300x152.jpg 300w, https:\/\/www.kukakuunteleekoyhaa.fi\/wordpress\/wp-content\/uploads\/2020\/11\/Koyhyytta-kokeneet-ja-paattajat-samassa-poydassa-211020-kuva-Jouko-Vatanen.jpg-pakattu-100x51.jpg 100w, https:\/\/www.kukakuunteleekoyhaa.fi\/wordpress\/wp-content\/uploads\/2020\/11\/Koyhyytta-kokeneet-ja-paattajat-samassa-poydassa-211020-kuva-Jouko-Vatanen.jpg-pakattu-150x76.jpg 150w, https:\/\/www.kukakuunteleekoyhaa.fi\/wordpress\/wp-content\/uploads\/2020\/11\/Koyhyytta-kokeneet-ja-paattajat-samassa-poydassa-211020-kuva-Jouko-Vatanen.jpg-pakattu-200x102.jpg 200w, https:\/\/www.kukakuunteleekoyhaa.fi\/wordpress\/wp-content\/uploads\/2020\/11\/Koyhyytta-kokeneet-ja-paattajat-samassa-poydassa-211020-kuva-Jouko-Vatanen.jpg-pakattu-450x229.jpg 450w, https:\/\/www.kukakuunteleekoyhaa.fi\/wordpress\/wp-content\/uploads\/2020\/11\/Koyhyytta-kokeneet-ja-paattajat-samassa-poydassa-211020-kuva-Jouko-Vatanen.jpg-pakattu-600x305.jpg 600w\" sizes=\"(max-width: 561px) 100vw, 561px\" \/><figcaption>K\u00f6yhyytt\u00e4 kokeneet ja kansanedustajat samassa p\u00f6yd\u00e4ss\u00e4 2020<\/figcaption><\/figure>\n\n\n\n<div class=\"wp-container-69f1b8ab9bc13 wp-block-group\"><div class=\"wp-block-group__inner-container\">\n<figure class=\"wp-block-embed is-type-video is-provider-youtube wp-block-embed-youtube wp-embed-aspect-16-9 wp-has-aspect-ratio\"><div class=\"wp-block-embed__wrapper\">\n<span class=\"embed-youtube\" style=\"text-align:center; display: block;\"><iframe loading=\"lazy\" class=\"youtube-player\" width=\"605\" height=\"341\" src=\"https:\/\/www.youtube.com\/embed\/Xg39jWrQlMs?version=3&#038;rel=1&#038;showsearch=0&#038;showinfo=1&#038;iv_load_policy=1&#038;fs=1&#038;hl=fi&#038;autohide=2&#038;wmode=transparent\" allowfullscreen=\"true\" style=\"border:0;\" sandbox=\"allow-scripts allow-same-origin allow-popups allow-presentation\"><\/iframe><\/span>\n<\/div><\/figure>\n<\/div><\/div>\n\n\n\n<h6>Sis\u00e4ministeri Maria Ohisalon videotervehdys K\u00f6yhyytt\u00e4 kokeneet ja kansanedustajat samassa p\u00f6yd\u00e4ss\u00e4 2020 -tilaisuudessa<\/h6>\n","protected":false},"excerpt":{"rendered":"<p>Kohtuuttomia tilanteita ja byrokratiamyllyj\u00e4 \u2013 k\u00f6yhyytt\u00e4 kokeneet ihmiset ja p\u00e4\u00e4tt\u00e4j\u00e4t etsiv\u00e4t yhdess\u00e4 ratkaisuja. Lue koko uutinen oheisesta linkist\u00e4. http:\/\/www.eapn.fi\/kohtuuttomia-tilanteita-ja-byrokratiamyllyja-koyhyytta-kokeneet-ihmiset-ja-paattajat-etsivat-yhdessa-ratkaisuja\/ K\u00f6yhyytt\u00e4 kokeneiden tarinat: http:\/\/www.eapn.fi\/wp-content\/uploads\/2020\/10\/Koyhyytta-kokeneiden-tarinat-Koyhyytta-kokeneet-ja-kansanedustajat-samassa-poydassa-21-10-2020.pdf Sis\u00e4ministeri Maria Ohisalon videotervehdys K\u00f6yhyytt\u00e4 kokeneet ja kansanedustajat samassa p\u00f6yd\u00e4ss\u00e4 2020 -tilaisuudessa<\/p>\n","protected":false},"author":9,"featured_media":0,"comment_status":"closed","ping_status":"closed","sticky":false,"template":"","format":"standard","meta":{"spay_email":""},"categories":[3],"tags":[],"jetpack_featured_media_url":"","jetpack_shortlink":"https:\/\/wp.me\/p8vRYp-12z","_links":{"self":[{"href":"https:\/\/www.kukakuunteleekoyhaa.fi\/wordpress\/wp-json\/wp\/v2\/posts\/4003"}],"collection":[{"href":"https:\/\/www.kukakuunteleekoyhaa.fi\/wordpress\/wp-json\/wp\/v2\/posts"}],"about":[{"href":"https:\/\/www.kukakuunteleekoyhaa.fi\/wordpress\/wp-json\/wp\/v2\/types\/post"}],"author":[{"embeddable":true,"href":"https:\/\/www.kukakuunteleekoyhaa.fi\/wordpress\/wp-json\/wp\/v2\/users\/9"}],"replies":[{"embeddable":true,"href":"https:\/\/www.kukakuunteleekoyhaa.fi\/wordpress\/wp-json\/wp\/v2\/comments?post=4003"}],"version-history":[{"count":12,"href":"https:\/\/www.kukakuunteleekoyhaa.fi\/wordpress\/wp-json\/wp\/v2\/posts\/4003\/revisions"}],"predecessor-version":[{"id":4510,"href":"https:\/\/www.kukakuunteleekoyhaa.fi\/wordpress\/wp-json\/wp\/v2\/posts\/4003\/revisions\/4510"}],"wp:attachment":[{"href":"https:\/\/www.kukakuunteleekoyhaa.fi\/wordpress\/wp-json\/wp\/v2\/media?parent=4003"}],"wp:term":[{"taxonomy":"category","embeddable":true,"href":"https:\/\/www.kukakuunteleekoyhaa.fi\/wordpress\/wp-json\/wp\/v2\/categories?post=4003"},{"taxonomy":"post_tag","embeddable":true,"href":"https:\/\/www.kukakuunteleekoyhaa.fi\/wordpress\/wp-json\/wp\/v2\/tags?post=4003"}],"curies":[{"name":"wp","href":"https:\/\/api.w.org\/{rel}","templated":true}]}}