{"id":4017,"date":"2020-11-17T15:04:54","date_gmt":"2020-11-17T13:04:54","guid":{"rendered":"http:\/\/www.kukakuunteleekoyhaa.fi\/wordpress\/?p=4017"},"modified":"2021-05-27T16:28:40","modified_gmt":"2021-05-27T13:28:40","slug":"koyhyytta-koronan-aikaan-keskustelutilaisuus-eduskunnan-koyhyysryhmassa-17-11-2020","status":"publish","type":"post","link":"https:\/\/www.kukakuunteleekoyhaa.fi\/wordpress\/2020\/11\/koyhyytta-koronan-aikaan-keskustelutilaisuus-eduskunnan-koyhyysryhmassa-17-11-2020\/","title":{"rendered":"K\u00f6yhyytt\u00e4 koronan aikaan -keskustelutilaisuus eduskunnan k\u00f6yhyysryhm\u00e4ss\u00e4 17.11.2020"},"content":{"rendered":"\n<p><strong>OHJELMA<\/strong><\/p>\n\n\n\n<p><strong>Avaussanat<\/strong>, Antero Laukkanen, K\u00f6yhyysryhm\u00e4n puheenjohtaja<\/p>\n\n\n\n<p><a href=\"https:\/\/eur03.safelinks.protection.outlook.com\/?url=http%3A%2F%2Fwww.eapn.fi%2Feapn-finin-koyhyysvahti-koyhyys-ei-ole-juuri-vahentynyt-koronakriisi-synkistaa-tilannetta%2F&amp;data=04%7C01%7Cliisa.partio%40mll.fi%7C74129e4620004b054e7408d87581418b%7Cc76a02d4bb26466d8b8f135ed699f407%7C0%7C0%7C637388545299645694%7CUnknown%7CTWFpbGZsb3d8eyJWIjoiMC4wLjAwMDAiLCJQIjoiV2luMzIiLCJBTiI6Ik1haWwiLCJXVCI6Mn0%3D%7C1000&amp;sdata=pJU7Dy7SNnN0pJhcJQ0XczzA0CFUibVA5HXXGb1BtZo%3D&amp;reserved=0\">K\u00f6yhyysvahti<\/a>, Anna J\u00e4rvinen, SOSTE<\/p>\n\n\n\n<p><strong>Lapsiperheiden avuntarve laajenee ja syvenee<\/strong>, Liisa Partio, MLL ja Hilkka Kemppi, K\u00f6yhyysryhm\u00e4n varapuheenjohtaja<\/p>\n\n\n\n<p><strong>Arjen kokemuksista toimenpide-ehdotuksiin<\/strong>, Arja Tyynel\u00e4, Kuka kuuntelee k\u00f6yh\u00e4\u00e4? -verkosto. <\/p>\n\n\n\n<p>Kuka kuuntelee leip\u00e4jonojen k\u00f6yh\u00e4\u00e4  -tapahtuma  pidettiin 21.9.2020  eri puolilla Suomea, 12 paikkakunnalla. Tapahtumassa pohdittiin ruoka-apua, sen tarvetta ja muotoja sek\u00e4 laajemminkin vapaaehtoista apua ja sosiaaliturvamme pulmakohtia.<\/p>\n\n\n\n<div class=\"wp-block-file\"><a href=\"https:\/\/www.kukakuunteleekoyhaa.fi\/wordpress\/wp-content\/uploads\/2020\/11\/Kuka-kuuntelee-leipajonojen-koyhaa_toimenpiteet.pdf\">Kuka kuuntelee leip\u00e4jonojen k\u00f6yh\u00e4\u00e4? toimenpide-ehdotukset<\/a><a href=\"https:\/\/www.kukakuunteleekoyhaa.fi\/wordpress\/wp-content\/uploads\/2020\/11\/Kuka-kuuntelee-leipajonojen-koyhaa_toimenpiteet.pdf\" class=\"wp-block-file__button\" download>Download<\/a><\/div>\n\n\n\n<p><strong>Tiivistynyt yhteisty\u00f6 viranomaisten, seurakuntien ja j\u00e4rjest\u00f6jen v\u00e4lill\u00e4 ruoka-avun j\u00e4rjest\u00e4misess\u00e4<\/strong>, Reetta Nick, Osallistava yhteis\u00f6 2019-2021 -hanke<\/p>\n\n\n\n<p><strong>Koronan vaikutukset etuuksien saajien m\u00e4\u00e4riin<\/strong>, Petri Lemettinen, Kela<\/p>\n\n\n\n<p>P\u00e4\u00e4t\u00f6ssanat, Hilkka Kemppi, K\u00f6yhyysryhm\u00e4n varapuheenjohtaja<\/p>\n\n\n\n<p><\/p>\n","protected":false},"excerpt":{"rendered":"<p>OHJELMA Avaussanat, Antero Laukkanen, K\u00f6yhyysryhm\u00e4n puheenjohtaja K\u00f6yhyysvahti, Anna J\u00e4rvinen, SOSTE Lapsiperheiden avuntarve laajenee ja syvenee, Liisa Partio, MLL ja Hilkka Kemppi, K\u00f6yhyysryhm\u00e4n varapuheenjohtaja Arjen kokemuksista toimenpide-ehdotuksiin, Arja Tyynel\u00e4, Kuka kuuntelee k\u00f6yh\u00e4\u00e4? -verkosto. Kuka kuuntelee leip\u00e4jonojen k\u00f6yh\u00e4\u00e4 -tapahtuma pidettiin 21.9.2020 eri<span class=\"ellipsis\">&hellip;<\/span><\/p>\n<div class=\"read-more\"><a href=\"https:\/\/www.kukakuunteleekoyhaa.fi\/wordpress\/2020\/11\/koyhyytta-koronan-aikaan-keskustelutilaisuus-eduskunnan-koyhyysryhmassa-17-11-2020\/\">Lue lis\u00e4\u00e4 \u203a<\/a><\/div>\n<p><!-- end of .read-more --><\/p>\n","protected":false},"author":9,"featured_media":0,"comment_status":"closed","ping_status":"closed","sticky":false,"template":"","format":"standard","meta":{"spay_email":""},"categories":[3],"tags":[],"jetpack_featured_media_url":"","jetpack_shortlink":"https:\/\/wp.me\/p8vRYp-12N","_links":{"self":[{"href":"https:\/\/www.kukakuunteleekoyhaa.fi\/wordpress\/wp-json\/wp\/v2\/posts\/4017"}],"collection":[{"href":"https:\/\/www.kukakuunteleekoyhaa.fi\/wordpress\/wp-json\/wp\/v2\/posts"}],"about":[{"href":"https:\/\/www.kukakuunteleekoyhaa.fi\/wordpress\/wp-json\/wp\/v2\/types\/post"}],"author":[{"embeddable":true,"href":"https:\/\/www.kukakuunteleekoyhaa.fi\/wordpress\/wp-json\/wp\/v2\/users\/9"}],"replies":[{"embeddable":true,"href":"https:\/\/www.kukakuunteleekoyhaa.fi\/wordpress\/wp-json\/wp\/v2\/comments?post=4017"}],"version-history":[{"count":5,"href":"https:\/\/www.kukakuunteleekoyhaa.fi\/wordpress\/wp-json\/wp\/v2\/posts\/4017\/revisions"}],"predecessor-version":[{"id":4140,"href":"https:\/\/www.kukakuunteleekoyhaa.fi\/wordpress\/wp-json\/wp\/v2\/posts\/4017\/revisions\/4140"}],"wp:attachment":[{"href":"https:\/\/www.kukakuunteleekoyhaa.fi\/wordpress\/wp-json\/wp\/v2\/media?parent=4017"}],"wp:term":[{"taxonomy":"category","embeddable":true,"href":"https:\/\/www.kukakuunteleekoyhaa.fi\/wordpress\/wp-json\/wp\/v2\/categories?post=4017"},{"taxonomy":"post_tag","embeddable":true,"href":"https:\/\/www.kukakuunteleekoyhaa.fi\/wordpress\/wp-json\/wp\/v2\/tags?post=4017"}],"curies":[{"name":"wp","href":"https:\/\/api.w.org\/{rel}","templated":true}]}}