{"id":4146,"date":"2021-02-17T12:58:00","date_gmt":"2021-02-17T10:58:00","guid":{"rendered":"http:\/\/www.kukakuunteleekoyhaa.fi\/wordpress\/?p=4146"},"modified":"2022-10-04T19:46:18","modified_gmt":"2022-10-04T16:46:18","slug":"kuunteleeko-kuntapaattaja-koyhaa-valtakunnallinen-teemaviikko-15-19-3-2021","status":"publish","type":"post","link":"https:\/\/www.kukakuunteleekoyhaa.fi\/wordpress\/2021\/02\/kuunteleeko-kuntapaattaja-koyhaa-valtakunnallinen-teemaviikko-15-19-3-2021\/","title":{"rendered":"Kuunteleeko kuntap\u00e4\u00e4tt\u00e4j\u00e4 k\u00f6yh\u00e4\u00e4? Valtakunnallinen teemaviikko 15.-19.3.2021"},"content":{"rendered":"\n<h2>Teemaviikon tavoite on saada kunnan asukkaiden oma \u00e4\u00e4ni kuuluviin sek\u00e4 k\u00e4ynnist\u00e4\u00e4 kuntalaisten ja<\/h2>\n\n\n\n<h2>kuntavaaliehdokkaiden v\u00e4linen vuoropuhelu<\/h2>\n\n\n\n<h4><strong>L\u00e4hde mukaan j\u00e4rjest\u00e4m\u00e4\u00e4n tapahtumaa omalle paikkakunnallesi!&nbsp; Lis\u00e4tietoja antaa hankekoordinaattori Arja Tyynel\u00e4: <\/strong><a href=\"arja.tyynela@3kverkosto.fi\">arja.tyynela@3kverkosto.fi<\/a><\/h4>\n\n\n\n<p><\/p>\n\n\n\n<h4> <\/h4>\n\n\n\n<h4>Mukaan ovat jo ilmoittautuneet: Helsinki, Jokela, Jyv\u00e4skyl\u00e4(Keski-Suomi), Lahti (P\u00e4ij\u00e4t-H\u00e4me), Pori, Turku, Tampere, Vantaa.<\/h4>\n\n\n\n<h4> Paikkakuntien tilaisuuksien muistiot ja materiaalit l\u00f6ytyv\u00e4t etusivulta, Aluetoiminta -kohdasta, valitse  haluamasi paikkakunta alasvetovalikosta <a href=\"https:\/\/www.kukakuunteleekoyhaa.fi\/wordpress\/\">https:\/\/www.kukakuunteleekoyhaa.fi\/wordpress\/<\/a> <\/h4>\n\n\n\n<h4> <\/h4>\n\n\n\n<div class=\"wp-block-file\"><a href=\"https:\/\/www.kukakuunteleekoyhaa.fi\/wordpress\/wp-content\/uploads\/2021\/01\/kunta-kuuleeko2-1.pdf\">Kuunteleeko kuntap\u00e4\u00e4tt\u00e4j\u00e4 k\u00f6yh\u00e4\u00e4?<\/a><a href=\"https:\/\/www.kukakuunteleekoyhaa.fi\/wordpress\/wp-content\/uploads\/2021\/01\/kunta-kuuleeko2-1.pdf\" class=\"wp-block-file__button\" download>Download<\/a><\/div>\n\n\n\n<div class=\"wp-block-file\"><a href=\"https:\/\/www.kukakuunteleekoyhaa.fi\/wordpress\/wp-content\/uploads\/2021\/01\/Kutsu-Kuunteleeko-kuntapa\u0308a\u0308tta\u0308ja\u0308-ko\u0308yha\u0308a\u0308-13-19.3.2021-kotisivulle.pdf\">KUTSU Kuunteleeko kuntapa\u0308a\u0308tta\u0308ja\u0308 ko\u0308yha\u0308a\u0308?   -valtakunnallinen teemaviikko 13-19.3.2021<\/a><a href=\"https:\/\/www.kukakuunteleekoyhaa.fi\/wordpress\/wp-content\/uploads\/2021\/01\/Kutsu-Kuunteleeko-kuntapa\u0308a\u0308tta\u0308ja\u0308-ko\u0308yha\u0308a\u0308-13-19.3.2021-kotisivulle.pdf\" class=\"wp-block-file__button\" download>Download<\/a><\/div>\n","protected":false},"excerpt":{"rendered":"<p>Teemaviikon tavoite on saada kunnan asukkaiden oma \u00e4\u00e4ni kuuluviin sek\u00e4 k\u00e4ynnist\u00e4\u00e4 kuntalaisten ja kuntavaaliehdokkaiden v\u00e4linen vuoropuhelu L\u00e4hde mukaan j\u00e4rjest\u00e4m\u00e4\u00e4n tapahtumaa omalle paikkakunnallesi!&nbsp; Lis\u00e4tietoja antaa hankekoordinaattori Arja Tyynel\u00e4: arja.tyynela@3kverkosto.fi Mukaan ovat jo ilmoittautuneet: Helsinki, Jokela, Jyv\u00e4skyl\u00e4(Keski-Suomi), Lahti (P\u00e4ij\u00e4t-H\u00e4me), Pori, Turku, Tampere,<span class=\"ellipsis\">&hellip;<\/span><\/p>\n<div class=\"read-more\"><a href=\"https:\/\/www.kukakuunteleekoyhaa.fi\/wordpress\/2021\/02\/kuunteleeko-kuntapaattaja-koyhaa-valtakunnallinen-teemaviikko-15-19-3-2021\/\">Lue lis\u00e4\u00e4 \u203a<\/a><\/div>\n<p><!-- end of .read-more --><\/p>\n","protected":false},"author":9,"featured_media":0,"comment_status":"closed","ping_status":"closed","sticky":false,"template":"","format":"standard","meta":{"spay_email":""},"categories":[3],"tags":[],"jetpack_featured_media_url":"","jetpack_shortlink":"https:\/\/wp.me\/p8vRYp-14S","_links":{"self":[{"href":"https:\/\/www.kukakuunteleekoyhaa.fi\/wordpress\/wp-json\/wp\/v2\/posts\/4146"}],"collection":[{"href":"https:\/\/www.kukakuunteleekoyhaa.fi\/wordpress\/wp-json\/wp\/v2\/posts"}],"about":[{"href":"https:\/\/www.kukakuunteleekoyhaa.fi\/wordpress\/wp-json\/wp\/v2\/types\/post"}],"author":[{"embeddable":true,"href":"https:\/\/www.kukakuunteleekoyhaa.fi\/wordpress\/wp-json\/wp\/v2\/users\/9"}],"replies":[{"embeddable":true,"href":"https:\/\/www.kukakuunteleekoyhaa.fi\/wordpress\/wp-json\/wp\/v2\/comments?post=4146"}],"version-history":[{"count":20,"href":"https:\/\/www.kukakuunteleekoyhaa.fi\/wordpress\/wp-json\/wp\/v2\/posts\/4146\/revisions"}],"predecessor-version":[{"id":4408,"href":"https:\/\/www.kukakuunteleekoyhaa.fi\/wordpress\/wp-json\/wp\/v2\/posts\/4146\/revisions\/4408"}],"wp:attachment":[{"href":"https:\/\/www.kukakuunteleekoyhaa.fi\/wordpress\/wp-json\/wp\/v2\/media?parent=4146"}],"wp:term":[{"taxonomy":"category","embeddable":true,"href":"https:\/\/www.kukakuunteleekoyhaa.fi\/wordpress\/wp-json\/wp\/v2\/categories?post=4146"},{"taxonomy":"post_tag","embeddable":true,"href":"https:\/\/www.kukakuunteleekoyhaa.fi\/wordpress\/wp-json\/wp\/v2\/tags?post=4146"}],"curies":[{"name":"wp","href":"https:\/\/api.w.org\/{rel}","templated":true}]}}