{"id":4499,"date":"2021-05-27T16:03:56","date_gmt":"2021-05-27T13:03:56","guid":{"rendered":"http:\/\/www.kukakuunteleekoyhaa.fi\/wordpress\/?p=4499"},"modified":"2022-10-04T19:46:38","modified_gmt":"2022-10-04T16:46:38","slug":"koyhyytta-kokeneet-ja-kansanedustajat-samassa-poydassa-12-10-2021","status":"publish","type":"post","link":"https:\/\/www.kukakuunteleekoyhaa.fi\/wordpress\/2021\/05\/koyhyytta-kokeneet-ja-kansanedustajat-samassa-poydassa-12-10-2021\/","title":{"rendered":"K\u00f6yhyytt\u00e4 kokeneet ja kansanedustajat samassa p\u00f6yd\u00e4ss\u00e4 12.10.2021"},"content":{"rendered":"\n<p>Koronapandemia on tuonut mukanaan massiivisen ty\u00f6tt\u00f6myyden kasvun. Hoitovelka on kasvanut, mielenterveysongelmat lis\u00e4\u00e4ntyneet. Palveluita on siirretty yh\u00e4 enemm\u00e4n verkkoon, mik\u00e4 on hankaloittanut monen digitaalisesta kehityksest\u00e4 syrj\u00e4ss\u00e4 olevan asiointia. Jo aiemmin heikossa asemassa olevat ovat entist\u00e4kin ahtaammalla. Milt\u00e4 n\u00e4ytt\u00e4\u00e4 korona-ajan k\u00f6yhyys ja miten sit\u00e4 voitaisiin v\u00e4hent\u00e4\u00e4? T\u00e4t\u00e4 pohtivat yhdess\u00e4 k\u00f6yhyytt\u00e4 kokeneet ihmiset ja p\u00e4\u00e4tt\u00e4j\u00e4t kansallisessa k\u00f6yhyytt\u00e4 kokeneiden kuulemistapahtumassa 12.10.2021. Lue lis\u00e4\u00e4 linkist\u00e4  <\/p>\n\n\n\n<p><a href=\"http:\/\/www.eapn.fi\/koyhyytta-kokeneet-ja-kansanedustajat-samassa-poydassa-12-10-2021\/\">http:\/\/www.eapn.fi\/koyhyytta-kokeneet-ja-kansanedustajat-samassa-poydassa-12-10-2021\/<\/a><\/p>\n\n\n\n<p><\/p>\n","protected":false},"excerpt":{"rendered":"<p>Koronapandemia on tuonut mukanaan massiivisen ty\u00f6tt\u00f6myyden kasvun. Hoitovelka on kasvanut, mielenterveysongelmat lis\u00e4\u00e4ntyneet. Palveluita on siirretty yh\u00e4 enemm\u00e4n verkkoon, mik\u00e4 on hankaloittanut monen digitaalisesta kehityksest\u00e4 syrj\u00e4ss\u00e4 olevan asiointia. Jo aiemmin heikossa asemassa olevat ovat entist\u00e4kin ahtaammalla. Milt\u00e4 n\u00e4ytt\u00e4\u00e4 korona-ajan k\u00f6yhyys ja<span class=\"ellipsis\">&hellip;<\/span><\/p>\n<div class=\"read-more\"><a href=\"https:\/\/www.kukakuunteleekoyhaa.fi\/wordpress\/2021\/05\/koyhyytta-kokeneet-ja-kansanedustajat-samassa-poydassa-12-10-2021\/\">Lue lis\u00e4\u00e4 \u203a<\/a><\/div>\n<p><!-- end of .read-more --><\/p>\n","protected":false},"author":9,"featured_media":0,"comment_status":"closed","ping_status":"closed","sticky":false,"template":"","format":"standard","meta":{"spay_email":""},"categories":[3],"tags":[],"jetpack_featured_media_url":"","jetpack_shortlink":"https:\/\/wp.me\/p8vRYp-1az","_links":{"self":[{"href":"https:\/\/www.kukakuunteleekoyhaa.fi\/wordpress\/wp-json\/wp\/v2\/posts\/4499"}],"collection":[{"href":"https:\/\/www.kukakuunteleekoyhaa.fi\/wordpress\/wp-json\/wp\/v2\/posts"}],"about":[{"href":"https:\/\/www.kukakuunteleekoyhaa.fi\/wordpress\/wp-json\/wp\/v2\/types\/post"}],"author":[{"embeddable":true,"href":"https:\/\/www.kukakuunteleekoyhaa.fi\/wordpress\/wp-json\/wp\/v2\/users\/9"}],"replies":[{"embeddable":true,"href":"https:\/\/www.kukakuunteleekoyhaa.fi\/wordpress\/wp-json\/wp\/v2\/comments?post=4499"}],"version-history":[{"count":1,"href":"https:\/\/www.kukakuunteleekoyhaa.fi\/wordpress\/wp-json\/wp\/v2\/posts\/4499\/revisions"}],"predecessor-version":[{"id":4500,"href":"https:\/\/www.kukakuunteleekoyhaa.fi\/wordpress\/wp-json\/wp\/v2\/posts\/4499\/revisions\/4500"}],"wp:attachment":[{"href":"https:\/\/www.kukakuunteleekoyhaa.fi\/wordpress\/wp-json\/wp\/v2\/media?parent=4499"}],"wp:term":[{"taxonomy":"category","embeddable":true,"href":"https:\/\/www.kukakuunteleekoyhaa.fi\/wordpress\/wp-json\/wp\/v2\/categories?post=4499"},{"taxonomy":"post_tag","embeddable":true,"href":"https:\/\/www.kukakuunteleekoyhaa.fi\/wordpress\/wp-json\/wp\/v2\/tags?post=4499"}],"curies":[{"name":"wp","href":"https:\/\/api.w.org\/{rel}","templated":true}]}}