{"id":4782,"date":"2024-10-29T20:01:01","date_gmt":"2024-10-29T18:01:01","guid":{"rendered":"https:\/\/www.kukakuunteleekoyhaa.fi\/wordpress\/?p=4782"},"modified":"2024-10-30T20:01:33","modified_gmt":"2024-10-30T18:01:33","slug":"koyhyysviikko-4-10-11-2024","status":"publish","type":"post","link":"https:\/\/www.kukakuunteleekoyhaa.fi\/wordpress\/2024\/10\/koyhyysviikko-4-10-11-2024\/","title":{"rendered":"K\u00f6yhyysviikko 4-10.11.2024"},"content":{"rendered":"\n<p class=\"has-normal-font-size\">Suomen K\u00f6yhyyden vastainen verkosto EAPN-Finin kansanlaistoimintaryhm\u00e4 ja Kuka kuuntelee k\u00f6yh\u00e4\u00e4? -verkosto ovat tiivist\u00e4neet yhteisty\u00f6t\u00e4\u00e4n k\u00f6yhyytt\u00e4 kokeneiden ja kokevien \u00e4\u00e4nen nostamiseksi aiempaa voimakkaammin esille. Verkostot pilotoivat t\u00e4n\u00e4 vuonna k\u00f6yhyysviikkoa, jonka ajankohdaksi on valittu 4.\u201310.11.2024.&nbsp;<\/p>\n\n\n\n<div class=\"wp-block-image\"><figure class=\"alignright size-large is-resized\"><img data-attachment-id=\"4786\" data-permalink=\"https:\/\/www.kukakuunteleekoyhaa.fi\/wordpress\/2024\/10\/koyhyysviikko-4-10-11-2024\/kukaan-ei-itse-valitse-hiilamo\/\" data-orig-file=\"https:\/\/www.kukakuunteleekoyhaa.fi\/wordpress\/wp-content\/uploads\/2024\/10\/Kukaan-ei-itse-valitse-Hiilamo.png\" data-orig-size=\"1080,1080\" data-comments-opened=\"0\" data-image-meta=\"{&quot;aperture&quot;:&quot;0&quot;,&quot;credit&quot;:&quot;&quot;,&quot;camera&quot;:&quot;&quot;,&quot;caption&quot;:&quot;&quot;,&quot;created_timestamp&quot;:&quot;0&quot;,&quot;copyright&quot;:&quot;&quot;,&quot;focal_length&quot;:&quot;0&quot;,&quot;iso&quot;:&quot;0&quot;,&quot;shutter_speed&quot;:&quot;0&quot;,&quot;title&quot;:&quot;&quot;,&quot;orientation&quot;:&quot;0&quot;}\" data-image-title=\"Kukaan-ei-itse-valitse-Hiilamo\" data-image-description=\"\" data-image-caption=\"\" data-medium-file=\"https:\/\/www.kukakuunteleekoyhaa.fi\/wordpress\/wp-content\/uploads\/2024\/10\/Kukaan-ei-itse-valitse-Hiilamo-300x300.png\" data-large-file=\"https:\/\/www.kukakuunteleekoyhaa.fi\/wordpress\/wp-content\/uploads\/2024\/10\/Kukaan-ei-itse-valitse-Hiilamo-1024x1024.png\" loading=\"lazy\" src=\"https:\/\/www.kukakuunteleekoyhaa.fi\/wordpress\/wp-content\/uploads\/2024\/10\/Kukaan-ei-itse-valitse-Hiilamo-1024x1024.png\" alt=\"\" class=\"wp-image-4786\" width=\"272\" height=\"272\" srcset=\"https:\/\/www.kukakuunteleekoyhaa.fi\/wordpress\/wp-content\/uploads\/2024\/10\/Kukaan-ei-itse-valitse-Hiilamo-1024x1024.png 1024w, https:\/\/www.kukakuunteleekoyhaa.fi\/wordpress\/wp-content\/uploads\/2024\/10\/Kukaan-ei-itse-valitse-Hiilamo-300x300.png 300w, https:\/\/www.kukakuunteleekoyhaa.fi\/wordpress\/wp-content\/uploads\/2024\/10\/Kukaan-ei-itse-valitse-Hiilamo-150x150.png 150w, https:\/\/www.kukakuunteleekoyhaa.fi\/wordpress\/wp-content\/uploads\/2024\/10\/Kukaan-ei-itse-valitse-Hiilamo-768x768.png 768w, https:\/\/www.kukakuunteleekoyhaa.fi\/wordpress\/wp-content\/uploads\/2024\/10\/Kukaan-ei-itse-valitse-Hiilamo-100x100.png 100w, https:\/\/www.kukakuunteleekoyhaa.fi\/wordpress\/wp-content\/uploads\/2024\/10\/Kukaan-ei-itse-valitse-Hiilamo-200x200.png 200w, https:\/\/www.kukakuunteleekoyhaa.fi\/wordpress\/wp-content\/uploads\/2024\/10\/Kukaan-ei-itse-valitse-Hiilamo-450x450.png 450w, https:\/\/www.kukakuunteleekoyhaa.fi\/wordpress\/wp-content\/uploads\/2024\/10\/Kukaan-ei-itse-valitse-Hiilamo-600x600.png 600w, https:\/\/www.kukakuunteleekoyhaa.fi\/wordpress\/wp-content\/uploads\/2024\/10\/Kukaan-ei-itse-valitse-Hiilamo-900x900.png 900w, https:\/\/www.kukakuunteleekoyhaa.fi\/wordpress\/wp-content\/uploads\/2024\/10\/Kukaan-ei-itse-valitse-Hiilamo.png 1080w\" sizes=\"(max-width: 272px) 100vw, 272px\" \/><\/figure><\/div>\n\n\n\n<p>Kampanjaviikon tavoitteena on nostaa esiin k\u00f6yhyyden aikaansaamia vaikutuksia yhteiskunnassa. Haluamme lis\u00e4t\u00e4 tietoisuutta k\u00f6yhyydest\u00e4 sek\u00e4 kannustaa toimimaan k\u00f6yhyyden v\u00e4hent\u00e4miseksi.<\/p>\n\n\n\n<p><strong>K\u00f6yhyysviikon tavoitteet<\/strong><\/p>\n\n\n\n<p>\u2022 Tiedon lis\u00e4\u00e4minen k\u00f6yhyyden eri muodoista ja sen <br>\u2022 Muuttaa asenteita k\u00f6yhyytt\u00e4 kohtaan <br>\u2022 Lis\u00e4t\u00e4 ymm\u00e4rryst\u00e4 k\u00f6yhyyden vaikutuksista <br>\u2022 Inspiroida vaikuttamaan ja toimimaan k\u00f6yhyyden v\u00e4hent\u00e4miseksi <br>\u2022 Tukea k\u00f6yhyytt\u00e4 kokevia<\/p>\n\n\n\n<p><strong>K\u00f6yhyysviikon teemat<\/strong><\/p>\n\n\n\n<ul><li><strong>Lapsiperhek\u00f6yhyys<\/strong><br>K\u00f6yhyys lapsuudessa voi vaikuttaa kielteisesti lapsen kehitykseen ja tulevaisuuden mahdollisuuksiin<\/li><li><strong>Ty\u00f6el\u00e4m\u00e4n haasteet<\/strong><br>Ty\u00f6n puute ja ep\u00e4vakaa ty\u00f6tilanne ovat merkitt\u00e4vi\u00e4 k\u00f6yhyyden syit\u00e4<\/li><li><strong>Asunnottomuus<\/strong><br>Asunnottomuus on yksi k\u00f6yhyyden vakavimmista seurauksista<\/li><li><strong>Syrj\u00e4ytyminen<\/strong><br>K\u00f6yhyys voi johtaa syrj\u00e4ytymiseen ja yhteiskunnan ulkopuolelle j\u00e4\u00e4miseen<\/li><\/ul>\n\n\n\n<p><strong>K\u00f6yhyyden mittarit ja todellisuus Suomessa<\/strong><\/p>\n\n\n\n<ul><li><strong>Suhteellinen k\u00f6yhyysaste:<\/strong> Noin 12 % suomalaisista el\u00e4\u00e4 k\u00f6yhyydess\u00e4 (2024)<\/li><li><strong>Lapsiperhek\u00f6yhyys:<\/strong> Noin 11 % lapsista el\u00e4\u00e4 suhteellisessa k\u00f6yhyydess\u00e4<\/li><li><strong>Asunnottomuus:<\/strong> L\u00e4hes 3500 ihmist\u00e4 el\u00e4\u00e4 Suomessa asunnottomana<\/li><li><strong>Pitk\u00e4aikaisty\u00f6tt\u00f6myys:<\/strong> Yli vuoden yht\u00e4jaksoisesti ty\u00f6tt\u00f6m\u00e4n\u00e4 olleita pitk\u00e4aikaisty\u00f6tt\u00f6mi\u00e4 on l\u00e4hes 96&nbsp;700 (elokuu 2024)<\/li><li><strong>Toimeentulotuen saajat:<\/strong> Kelan my\u00f6nt\u00e4m\u00e4\u00e4 perustoimeentulotukea sai vuonna 2023 runsaat 250 000 kotitaloutta<\/li><\/ul>\n\n\n\n<p><strong>K\u00f6yhyyden syit\u00e4 ja seurauksia<\/strong><\/p>\n\n\n\n<ul><li>Ty\u00f6n puutteesta seuraa usein terveysongelmia<\/li><li>Koulutuksen puute johtaa matalaan palkkatasoon<\/li><li>Syrjint\u00e4 esimerkiksi vammaisuuden, sukupuolen tai i\u00e4n perusteella aiheuttaa sosiaalista eristyneisyytt\u00e4<\/li><li>Lapsiperheiden k\u00f6yhyys aiheuttaa ylisukupolvista k\u00f6yhyytt\u00e4<\/li><li>Elinkustannusten kalleus johtaa tinkimiseen perustarpeista kuten ruoasta ja l\u00e4\u00e4kkeist\u00e4<\/li><\/ul>\n\n\n\n<p><strong>Keinot joilla k\u00f6yhyytt\u00e4 voi v\u00e4hent\u00e4\u00e4<\/strong><\/p>\n\n\n\n<p>K\u00f6yhyytt\u00e4 voidaan v\u00e4hent\u00e4\u00e4 ty\u00f6llisyytt\u00e4 edist\u00e4m\u00e4ll\u00e4, vahvistamalla sosiaaliturvaa ja sen joustavuutta. K\u00f6yhyyden v\u00e4hent\u00e4miseksi tarvitaan lis\u00e4\u00e4 koulutusmahdollisuuksia ja osaamisen p\u00e4ivitt\u00e4mist\u00e4 sek\u00e4 ehk\u00e4isem\u00e4ll\u00e4 asunnottomuutta. Terveydenhuollon saatavuus vaikuttaa mahdollisuuteen yll\u00e4pit\u00e4\u00e4 ty\u00f6kyky\u00e4 ja jaksaa ty\u00f6el\u00e4m\u00e4ss\u00e4. Terveydenhuollon kustannusten v\u00e4hent\u00e4minen vaikuttaisi pitk\u00e4aikaissairaiden ja osaty\u00f6kykyisten taloudelliseen tilanteeseen, koska asiakasmaksut ja l\u00e4\u00e4kkekustannukset kasautuvat eniten sairastaville.<\/p>\n\n\n\n<p><strong>Miten voit osallistua K\u00f6yhyysviikkoon?<\/strong><\/p>\n\n\n\n<p>\u2022 Jaa somessa k\u00f6yhyysviikon materiaalia <br>\u2022 Jaa tietoa k\u00f6yhyydest\u00e4 <br>\u2022 Julkaise oma k\u00f6yhyyskokemuksesi somessa, blogina, mielipidekirjoituksena <br>\u2022 Julkaise organisaatiosi j\u00e4senten k\u00f6yhyyskokemuksia <br>\u2022 Kirjoita kannanotto tai mielipidekirjoitus aiheesta <br>\u2022 J\u00e4rjest\u00e4 ker\u00e4ys tai lahjoita k\u00f6yhyyden vastaiseen ty\u00f6h\u00f6n <br>\u2022 Osallistu tapahtumiin <br>\u2022 J\u00e4rjest\u00e4 oma tapahtuma <br>\u2022 L\u00e4het\u00e4 viesti\u00e4 p\u00e4\u00e4tt\u00e4j\u00e4lle<\/p>\n\n\n\n<p>K\u00f6yhyysviikkoa organisoi Kuka kuuntelee k\u00f6yh\u00e4\u00e4? -verkosto ja EAPN-Finin kansalaistoimintaryhm\u00e4, jotka koostuvat asiantuntijoista, j\u00e4rjest\u00f6jen edustajista sek\u00e4 k\u00f6yhyytt\u00e4 kokevista kansalaisista.<\/p>\n\n\n\n<p>Ilmoita s\u00e4hk\u00f6postilla oma tapahtumasi. Kokoamme tapahtumista tietoa Kuka kuuntelee k\u00f6yh\u00e4\u00e4 ja EAPN-Finin verkkosivulle. Seuraa somekanaviamme, mainostamme kaikkia tapahtumia!<br><strong><a href=\"https:\/\/drive.google.com\/drive\/folders\/1Z6UxD6TVVRTR7QlECuFA8F6jaZBHb3W9?usp=sharing\">Lataa t\u00e4st\u00e4 vapaasti k\u00e4ytett\u00e4v\u00e4 some materiaali!<\/a><\/strong><br><br>Yhteyshenkil\u00f6t<br><strong>Leena Valkonen <\/strong>(tapahtumat)<strong><br><\/strong>leevalkonen (@) gmail.com <br><strong>Linn\u00e9a Partanen<\/strong> (somemateriaali)<br>merecaaa (@) gmail.com<\/p>\n\n\n\n<p><strong><em>Valtakunnallisia tapahtumia<\/em><\/strong><\/p>\n\n\n\n<p><strong>K\u00f6yhyytt\u00e4 kokeneet ja kansanedustajat samassa p\u00f6yd\u00e4ss\u00e4<\/strong> 6.11.2024 klo 15\u201317<br>Sosiaaliturvaa leikataan \u2013 Miten ihminen voi?<br>Tutustu ohjelmaan: https:\/\/www.soste.fi\/tapahtuma\/sosiaaliturvaa-leikataan-miten-ihminen-voi\/<br><a href=\"https:\/\/kilta.soste.fi\/SosteKotisivut\/ilmoittaudu_tapahtumaan.aspx?id=3277\">Ilmoittaudu t\u00e4st\u00e4<\/a> et\u00e4osallistujaksi viimeist\u00e4\u00e4n 5.11.2024<br>Tapahtuman j\u00e4rjest\u00e4v\u00e4t yhteisty\u00f6ss\u00e4 Suomen k\u00f6yhyyden vastainen verkosto EAPN-Fin, Ihmisoikeusliitto, Kirkkohallitus, Kuka kuuntelee k\u00f6yh\u00e4\u00e4 -verkosto, Suomen sosiaali- ja terveys SOSTE ry ja Ty\u00f6tt\u00f6mien Keskusj\u00e4rjest\u00f6 ry.<\/p>\n\n\n\n<p><strong>EAPN-Fin verkoston 30-v juhla ja miniseminaari<\/strong> <br><strong>8.11.2024 klo 13\u201314<\/strong><\/p>\n\n\n\n<p>Tilaisuudessa julkistetaan verkoston kokoama K\u00f6yhyysvahti 2024 sek\u00e4 kuullaan toiminnan historiasta ja nykytilasta. Paneelikeskustelussa pureudutaan sosiaaliturvaan tehtyihin leikkauksiin niiden kohteeksi joutuneiden ihmisten sek\u00e4 j\u00e4rjest\u00f6jen n\u00e4k\u00f6kulmasta.<\/p>\n\n\n\n<p>L\u00e4hitilaisuus SOSTE ry:ss\u00e4, Yliopistonkatu 5, Helsinki + et\u00e4mahdollisuus. <a href=\"https:\/\/docs.google.com\/forms\/d\/1nPgY2I3265siUo2j6qdxZePQNseWgIIkRK7bth6ooYM\/edit\">Ilmoittaudu t\u00e4st\u00e4<\/a> tilaisuuteen viimeist\u00e4\u00e4n 1.11.2024<\/p>\n\n\n\n<p><strong>Osallistu somekanavien keskusteluihin!<\/strong><br>Facebook:<br><strong><a href=\"https:\/\/www.facebook.com\/share\/g\/3NU4W2ydp8QTc678\/\" target=\"_blank\" rel=\"noreferrer noopener\">Kuka kuuntelee k\u00f6yh\u00e4\u00e4? -ryhm\u00e4<\/a><\/strong><br><strong><a href=\"https:\/\/www.facebook.com\/eapnfin\">EAPN-Fin Suomen k\u00f6yhyyden vastainen verkosto<\/a><\/strong><br>Instagram:<br><strong><a href=\"https:\/\/www.instagram.com\/3kverkosto\/\">@3kverkosto<\/a><\/strong><\/p>\n\n\n\n<p><strong>Ota k\u00e4ytt\u00f6\u00f6n K\u00f6yhyysviikon logo tapahtumailmoituksiin!<\/strong><br>K\u00e4yt\u00e4 tunnistetta #k\u00f6yhyysviikko2024<\/p>\n\n\n\n<figure class=\"wp-block-image is-resized\"><img loading=\"lazy\" src=\"https:\/\/www.eapn.fi\/wp-content\/uploads\/2024\/10\/Logo-Koyhyysviikko-2024-JPG-1024x485.jpg\" alt=\"\" class=\"wp-image-7014\" width=\"251\" height=\"118\"\/><\/figure>\n\n\n\n<figure class=\"wp-block-image is-resized\"><img loading=\"lazy\" src=\"https:\/\/www.eapn.fi\/wp-content\/uploads\/2024\/10\/Kuka-kuuntelee-logo.jpg\" alt=\"\" class=\"wp-image-7015\" width=\"232\" height=\"118\"\/><\/figure>\n\n\n\n<figure class=\"wp-block-image size-full is-resized\"><img data-attachment-id=\"4783\" data-permalink=\"https:\/\/www.kukakuunteleekoyhaa.fi\/wordpress\/2024\/10\/koyhyysviikko-4-10-11-2024\/eapn-fin-logo\/\" data-orig-file=\"https:\/\/www.kukakuunteleekoyhaa.fi\/wordpress\/wp-content\/uploads\/2024\/10\/Eapn-logo.jpg\" data-orig-size=\"960,85\" data-comments-opened=\"0\" data-image-meta=\"{&quot;aperture&quot;:&quot;0&quot;,&quot;credit&quot;:&quot;&quot;,&quot;camera&quot;:&quot;&quot;,&quot;caption&quot;:&quot;&quot;,&quot;created_timestamp&quot;:&quot;0&quot;,&quot;copyright&quot;:&quot;&quot;,&quot;focal_length&quot;:&quot;0&quot;,&quot;iso&quot;:&quot;0&quot;,&quot;shutter_speed&quot;:&quot;0&quot;,&quot;title&quot;:&quot;eapn-fin-logo&quot;,&quot;orientation&quot;:&quot;1&quot;}\" data-image-title=\"eapn-fin-logo\" data-image-description=\"\" data-image-caption=\"\" data-medium-file=\"https:\/\/www.kukakuunteleekoyhaa.fi\/wordpress\/wp-content\/uploads\/2024\/10\/Eapn-logo-300x27.jpg\" data-large-file=\"https:\/\/www.kukakuunteleekoyhaa.fi\/wordpress\/wp-content\/uploads\/2024\/10\/Eapn-logo.jpg\" loading=\"lazy\" src=\"https:\/\/www.kukakuunteleekoyhaa.fi\/wordpress\/wp-content\/uploads\/2024\/10\/Eapn-logo.jpg\" alt=\"\" class=\"wp-image-4783\" width=\"465\" height=\"41\" srcset=\"https:\/\/www.kukakuunteleekoyhaa.fi\/wordpress\/wp-content\/uploads\/2024\/10\/Eapn-logo.jpg 960w, https:\/\/www.kukakuunteleekoyhaa.fi\/wordpress\/wp-content\/uploads\/2024\/10\/Eapn-logo-300x27.jpg 300w, https:\/\/www.kukakuunteleekoyhaa.fi\/wordpress\/wp-content\/uploads\/2024\/10\/Eapn-logo-768x68.jpg 768w, https:\/\/www.kukakuunteleekoyhaa.fi\/wordpress\/wp-content\/uploads\/2024\/10\/Eapn-logo-100x9.jpg 100w, https:\/\/www.kukakuunteleekoyhaa.fi\/wordpress\/wp-content\/uploads\/2024\/10\/Eapn-logo-150x13.jpg 150w, https:\/\/www.kukakuunteleekoyhaa.fi\/wordpress\/wp-content\/uploads\/2024\/10\/Eapn-logo-200x18.jpg 200w, https:\/\/www.kukakuunteleekoyhaa.fi\/wordpress\/wp-content\/uploads\/2024\/10\/Eapn-logo-450x40.jpg 450w, https:\/\/www.kukakuunteleekoyhaa.fi\/wordpress\/wp-content\/uploads\/2024\/10\/Eapn-logo-600x53.jpg 600w, https:\/\/www.kukakuunteleekoyhaa.fi\/wordpress\/wp-content\/uploads\/2024\/10\/Eapn-logo-900x80.jpg 900w\" sizes=\"(max-width: 465px) 100vw, 465px\" \/><\/figure>\n\n\n\n<p><\/p>\n\n\n\n<figure class=\"wp-block-image size-large is-resized\"><img data-attachment-id=\"4785\" data-permalink=\"https:\/\/www.kukakuunteleekoyhaa.fi\/wordpress\/2024\/10\/koyhyysviikko-4-10-11-2024\/koyhyysviikko-instagram\/\" data-orig-file=\"https:\/\/www.kukakuunteleekoyhaa.fi\/wordpress\/wp-content\/uploads\/2024\/10\/Koyhyysviikko-Instagram.jpg\" data-orig-size=\"1080,1080\" data-comments-opened=\"0\" data-image-meta=\"{&quot;aperture&quot;:&quot;0&quot;,&quot;credit&quot;:&quot;&quot;,&quot;camera&quot;:&quot;&quot;,&quot;caption&quot;:&quot;&quot;,&quot;created_timestamp&quot;:&quot;0&quot;,&quot;copyright&quot;:&quot;&quot;,&quot;focal_length&quot;:&quot;0&quot;,&quot;iso&quot;:&quot;0&quot;,&quot;shutter_speed&quot;:&quot;0&quot;,&quot;title&quot;:&quot;&quot;,&quot;orientation&quot;:&quot;1&quot;}\" data-image-title=\"Koyhyysviikko-Instagram\" data-image-description=\"\" data-image-caption=\"\" data-medium-file=\"https:\/\/www.kukakuunteleekoyhaa.fi\/wordpress\/wp-content\/uploads\/2024\/10\/Koyhyysviikko-Instagram-300x300.jpg\" data-large-file=\"https:\/\/www.kukakuunteleekoyhaa.fi\/wordpress\/wp-content\/uploads\/2024\/10\/Koyhyysviikko-Instagram-1024x1024.jpg\" loading=\"lazy\" src=\"https:\/\/www.kukakuunteleekoyhaa.fi\/wordpress\/wp-content\/uploads\/2024\/10\/Koyhyysviikko-Instagram-1024x1024.jpg\" alt=\"\" class=\"wp-image-4785\" width=\"361\" height=\"361\" srcset=\"https:\/\/www.kukakuunteleekoyhaa.fi\/wordpress\/wp-content\/uploads\/2024\/10\/Koyhyysviikko-Instagram-1024x1024.jpg 1024w, https:\/\/www.kukakuunteleekoyhaa.fi\/wordpress\/wp-content\/uploads\/2024\/10\/Koyhyysviikko-Instagram-300x300.jpg 300w, https:\/\/www.kukakuunteleekoyhaa.fi\/wordpress\/wp-content\/uploads\/2024\/10\/Koyhyysviikko-Instagram-150x150.jpg 150w, https:\/\/www.kukakuunteleekoyhaa.fi\/wordpress\/wp-content\/uploads\/2024\/10\/Koyhyysviikko-Instagram-768x768.jpg 768w, https:\/\/www.kukakuunteleekoyhaa.fi\/wordpress\/wp-content\/uploads\/2024\/10\/Koyhyysviikko-Instagram-100x100.jpg 100w, https:\/\/www.kukakuunteleekoyhaa.fi\/wordpress\/wp-content\/uploads\/2024\/10\/Koyhyysviikko-Instagram-200x200.jpg 200w, https:\/\/www.kukakuunteleekoyhaa.fi\/wordpress\/wp-content\/uploads\/2024\/10\/Koyhyysviikko-Instagram-450x450.jpg 450w, https:\/\/www.kukakuunteleekoyhaa.fi\/wordpress\/wp-content\/uploads\/2024\/10\/Koyhyysviikko-Instagram-600x600.jpg 600w, https:\/\/www.kukakuunteleekoyhaa.fi\/wordpress\/wp-content\/uploads\/2024\/10\/Koyhyysviikko-Instagram-900x900.jpg 900w, https:\/\/www.kukakuunteleekoyhaa.fi\/wordpress\/wp-content\/uploads\/2024\/10\/Koyhyysviikko-Instagram.jpg 1080w\" sizes=\"(max-width: 361px) 100vw, 361px\" \/><figcaption>K\u00f6yhyysviikko 4-10.11.2024<\/figcaption><\/figure>\n","protected":false},"excerpt":{"rendered":"<p>Suomen K\u00f6yhyyden vastainen verkosto EAPN-Finin kansanlaistoimintaryhm\u00e4 ja Kuka kuuntelee k\u00f6yh\u00e4\u00e4? -verkosto ovat tiivist\u00e4neet yhteisty\u00f6t\u00e4\u00e4n k\u00f6yhyytt\u00e4 kokeneiden ja kokevien \u00e4\u00e4nen nostamiseksi aiempaa voimakkaammin esille. Verkostot pilotoivat t\u00e4n\u00e4 vuonna k\u00f6yhyysviikkoa, jonka ajankohdaksi on valittu 4.\u201310.11.2024.&nbsp; Kampanjaviikon tavoitteena on nostaa esiin k\u00f6yhyyden aikaansaamia<span class=\"ellipsis\">&hellip;<\/span><\/p>\n<div class=\"read-more\"><a href=\"https:\/\/www.kukakuunteleekoyhaa.fi\/wordpress\/2024\/10\/koyhyysviikko-4-10-11-2024\/\">Lue lis\u00e4\u00e4 \u203a<\/a><\/div>\n<p><!-- end of .read-more --><\/p>\n","protected":false},"author":4,"featured_media":0,"comment_status":"closed","ping_status":"closed","sticky":false,"template":"","format":"standard","meta":{"spay_email":""},"categories":[5],"tags":[],"jetpack_featured_media_url":"","jetpack_shortlink":"https:\/\/wp.me\/p8vRYp-1f8","_links":{"self":[{"href":"https:\/\/www.kukakuunteleekoyhaa.fi\/wordpress\/wp-json\/wp\/v2\/posts\/4782"}],"collection":[{"href":"https:\/\/www.kukakuunteleekoyhaa.fi\/wordpress\/wp-json\/wp\/v2\/posts"}],"about":[{"href":"https:\/\/www.kukakuunteleekoyhaa.fi\/wordpress\/wp-json\/wp\/v2\/types\/post"}],"author":[{"embeddable":true,"href":"https:\/\/www.kukakuunteleekoyhaa.fi\/wordpress\/wp-json\/wp\/v2\/users\/4"}],"replies":[{"embeddable":true,"href":"https:\/\/www.kukakuunteleekoyhaa.fi\/wordpress\/wp-json\/wp\/v2\/comments?post=4782"}],"version-history":[{"count":6,"href":"https:\/\/www.kukakuunteleekoyhaa.fi\/wordpress\/wp-json\/wp\/v2\/posts\/4782\/revisions"}],"predecessor-version":[{"id":4792,"href":"https:\/\/www.kukakuunteleekoyhaa.fi\/wordpress\/wp-json\/wp\/v2\/posts\/4782\/revisions\/4792"}],"wp:attachment":[{"href":"https:\/\/www.kukakuunteleekoyhaa.fi\/wordpress\/wp-json\/wp\/v2\/media?parent=4782"}],"wp:term":[{"taxonomy":"category","embeddable":true,"href":"https:\/\/www.kukakuunteleekoyhaa.fi\/wordpress\/wp-json\/wp\/v2\/categories?post=4782"},{"taxonomy":"post_tag","embeddable":true,"href":"https:\/\/www.kukakuunteleekoyhaa.fi\/wordpress\/wp-json\/wp\/v2\/tags?post=4782"}],"curies":[{"name":"wp","href":"https:\/\/api.w.org\/{rel}","templated":true}]}}