{"id":4798,"date":"2024-11-01T10:59:52","date_gmt":"2024-11-01T08:59:52","guid":{"rendered":"https:\/\/www.kukakuunteleekoyhaa.fi\/wordpress\/?p=4798"},"modified":"2024-11-01T11:08:03","modified_gmt":"2024-11-01T09:08:03","slug":"koyhyysviikko-kaynnistyy-4-11-ota-kayttoon-some-materiaali-kayttoon","status":"publish","type":"post","link":"https:\/\/www.kukakuunteleekoyhaa.fi\/wordpress\/2024\/11\/koyhyysviikko-kaynnistyy-4-11-ota-kayttoon-some-materiaali-kayttoon\/","title":{"rendered":"K\u00f6yhyysviikko k\u00e4ynnistyy 4.11. \u2013 Ota some materiaali k\u00e4ytt\u00f6\u00f6n"},"content":{"rendered":"\n<p><strong>Tehd\u00e4\u00e4n k\u00f6yhyys n\u00e4kyv\u00e4ksi valtakunnallisella K\u00f6yhyysviikolla, jota vietet\u00e4\u00e4n ensimm\u00e4ist\u00e4 kertaa 4.-10.11.2024. Auta meit\u00e4 nostamaan k\u00f6yhyys keskusteluun ja osallistu omalla tavallasi kampanjaan!<\/strong><\/p>\n\n\n\n<p><strong>Keinoja osallistua k\u00f6yhyysviikkoon<\/strong><\/p>\n\n\n\n<div data-carousel-extra='{\"blog_id\":1,\"permalink\":\"https:\\\/\\\/www.kukakuunteleekoyhaa.fi\\\/wordpress\\\/2024\\\/11\\\/koyhyysviikko-kaynnistyy-4-11-ota-kayttoon-some-materiaali-kayttoon\\\/\"}' class=\"wp-block-image\"><figure class=\"alignright is-resized\"><img data-attachment-id=\"4802\" data-permalink=\"https:\/\/www.kukakuunteleekoyhaa.fi\/wordpress\/2024\/11\/koyhyysviikko-kaynnistyy-4-11-ota-kayttoon-some-materiaali-kayttoon\/kukaan-ei-hiilamo\/\" data-orig-file=\"https:\/\/www.kukakuunteleekoyhaa.fi\/wordpress\/wp-content\/uploads\/2024\/11\/Kukaan-ei-Hiilamo.png\" data-orig-size=\"1080,1080\" data-comments-opened=\"0\" data-image-meta=\"{&quot;aperture&quot;:&quot;0&quot;,&quot;credit&quot;:&quot;&quot;,&quot;camera&quot;:&quot;&quot;,&quot;caption&quot;:&quot;&quot;,&quot;created_timestamp&quot;:&quot;0&quot;,&quot;copyright&quot;:&quot;&quot;,&quot;focal_length&quot;:&quot;0&quot;,&quot;iso&quot;:&quot;0&quot;,&quot;shutter_speed&quot;:&quot;0&quot;,&quot;title&quot;:&quot;&quot;,&quot;orientation&quot;:&quot;0&quot;}\" data-image-title=\"Kukaan-ei-Hiilamo\" data-image-description=\"\" data-image-caption=\"\" data-medium-file=\"https:\/\/www.kukakuunteleekoyhaa.fi\/wordpress\/wp-content\/uploads\/2024\/11\/Kukaan-ei-Hiilamo-300x300.png\" data-large-file=\"https:\/\/www.kukakuunteleekoyhaa.fi\/wordpress\/wp-content\/uploads\/2024\/11\/Kukaan-ei-Hiilamo-1024x1024.png\" loading=\"lazy\" src=\"https:\/\/www.kukakuunteleekoyhaa.fi\/wordpress\/wp-content\/uploads\/2024\/11\/Kukaan-ei-Hiilamo-1024x1024.png\" alt=\"\" class=\"wp-image-4802\" width=\"302\" height=\"302\" srcset=\"https:\/\/www.kukakuunteleekoyhaa.fi\/wordpress\/wp-content\/uploads\/2024\/11\/Kukaan-ei-Hiilamo-1024x1024.png 1024w, https:\/\/www.kukakuunteleekoyhaa.fi\/wordpress\/wp-content\/uploads\/2024\/11\/Kukaan-ei-Hiilamo-300x300.png 300w, https:\/\/www.kukakuunteleekoyhaa.fi\/wordpress\/wp-content\/uploads\/2024\/11\/Kukaan-ei-Hiilamo-150x150.png 150w, https:\/\/www.kukakuunteleekoyhaa.fi\/wordpress\/wp-content\/uploads\/2024\/11\/Kukaan-ei-Hiilamo-768x768.png 768w, https:\/\/www.kukakuunteleekoyhaa.fi\/wordpress\/wp-content\/uploads\/2024\/11\/Kukaan-ei-Hiilamo-100x100.png 100w, https:\/\/www.kukakuunteleekoyhaa.fi\/wordpress\/wp-content\/uploads\/2024\/11\/Kukaan-ei-Hiilamo-200x200.png 200w, https:\/\/www.kukakuunteleekoyhaa.fi\/wordpress\/wp-content\/uploads\/2024\/11\/Kukaan-ei-Hiilamo-450x450.png 450w, https:\/\/www.kukakuunteleekoyhaa.fi\/wordpress\/wp-content\/uploads\/2024\/11\/Kukaan-ei-Hiilamo-600x600.png 600w, https:\/\/www.kukakuunteleekoyhaa.fi\/wordpress\/wp-content\/uploads\/2024\/11\/Kukaan-ei-Hiilamo-900x900.png 900w, https:\/\/www.kukakuunteleekoyhaa.fi\/wordpress\/wp-content\/uploads\/2024\/11\/Kukaan-ei-Hiilamo.png 1080w\" sizes=\"(max-width: 302px) 100vw, 302px\" \/><\/figure><\/div>\n\n\n\n<ul><li>Jaa somessa k\u00f6yhyysviikon materiaalia<\/li><li>Jaa tietoa k\u00f6yhyydest\u00e4<\/li><li>Julkaise oma k\u00f6yhyyskokemuksesi somessa, blogina, mielipidekirjoituksena<\/li><li>Julkaise organisaatiosi j\u00e4senten k\u00f6yhyyskokemuksia<\/li><li>Kirjoita kannanotto tai mielipidekirjoitus<\/li><li>J\u00e4rjest\u00e4 ker\u00e4ys tai lahjoita k\u00f6yhyyden vastaiseen ty\u00f6h\u00f6n<\/li><li>Osallistu tapahtumiin<\/li><li>J\u00e4rjest\u00e4 oma tapahtuma<\/li><li>L\u00e4het\u00e4 viesti\u00e4 p\u00e4\u00e4tt\u00e4j\u00e4lle<\/li><\/ul>\n\n\n\n<p><strong>Materiaalia kampanjoinnin tueksi<\/strong><\/p>\n\n\n\n<p>Olemme tuottaneet some- ja tekstimateriaalia kampanjan tueksi. Materiaalin voi ladata itselle Google drive kansioista ja k\u00e4ytt\u00e4\u00e4 somessa tai verkkosivuilla. Voit itse valita mit\u00e4 materiaaleja haluat k\u00e4ytt\u00e4\u00e4 henkil\u00f6kohtaiseen tai j\u00e4rjest\u00f6n someen. Materiaalia voi julkaista heti ja teksti\u00e4 julkaisuihin voi ottaa EAPN-fin K\u00f6yhyysviikko uutisesta tai powerpoint esityksest\u00e4 drivess\u00e4.<\/p>\n\n\n\n<p>Materiaali sis\u00e4lt\u00e4\u00e4 k\u00f6yhyytt\u00e4 kokevien lauseita k\u00f6yhyyskokemuksistaan (kokemus diat) ja k\u00f6yhyyden tilastotietoa (fakta diat). Saimme professori Heikki Hiilamolta kampanjaan lainauksen <strong>\u201dKukaan ei itse valitse k\u00f6yhyytt\u00e4 -Heikki Hiilamo\u201d. <\/strong>Materiaalia voi k\u00e4ytt\u00e4\u00e4 sellaisenaan ja ohjeita on lis\u00e4\u00e4 drivess\u00e4.<\/p>\n\n\n\n<p>Postauksesta tulee erityisen hyv\u00e4, jos kirjoitat lyhyesti, kuinka k\u00f6yhyys n\u00e4kyy ja tuntuu teid\u00e4n kohderyhm\u00e4ss\u00e4nne. Instagram julkaisuihin toivomme (t\u00e4gi\u00e4) @3kverkosto, jotta meid\u00e4n on helppo jakaa postauksianne. Voit k\u00e4ytt\u00e4\u00e4 my\u00f6s k\u00f6yhyysviikon logoa ja hashtagia #k\u00f6yhyysviikko 2024.<\/p>\n\n\n\n<p>Suomen k\u00f6yhyyden vastainen verkosto EAPN-Fin ja Kuka kuuntelee k\u00f6yh\u00e4\u00e4? -verkosto kannustavat yhdistyksi\u00e4, organisaatioita, kuntia, hyvinvointialueita ja eri kansalaisryhmi\u00e4 osallistumaan yhteiskunnalliseen keskusteluun k\u00f6yhyydest\u00e4 ja j\u00e4rjest\u00e4m\u00e4\u00e4n tilaisuuksia.<\/p>\n\n\n\n<figure class=\"wp-block-gallery columns-3 is-cropped\"><ul data-carousel-extra='{\"blog_id\":1,\"permalink\":\"https:\\\/\\\/www.kukakuunteleekoyhaa.fi\\\/wordpress\\\/2024\\\/11\\\/koyhyysviikko-kaynnistyy-4-11-ota-kayttoon-some-materiaali-kayttoon\\\/\"}' class=\"blocks-gallery-grid\"><li class=\"blocks-gallery-item\"><figure><img data-attachment-id=\"4804\" data-permalink=\"https:\/\/www.kukakuunteleekoyhaa.fi\/wordpress\/2024\/11\/koyhyysviikko-kaynnistyy-4-11-ota-kayttoon-some-materiaali-kayttoon\/hinnat-nous\/\" data-orig-file=\"https:\/\/www.kukakuunteleekoyhaa.fi\/wordpress\/wp-content\/uploads\/2024\/11\/Hinnat-nous.png\" data-orig-size=\"1080,1080\" data-comments-opened=\"0\" data-image-meta=\"{&quot;aperture&quot;:&quot;0&quot;,&quot;credit&quot;:&quot;&quot;,&quot;camera&quot;:&quot;&quot;,&quot;caption&quot;:&quot;&quot;,&quot;created_timestamp&quot;:&quot;0&quot;,&quot;copyright&quot;:&quot;&quot;,&quot;focal_length&quot;:&quot;0&quot;,&quot;iso&quot;:&quot;0&quot;,&quot;shutter_speed&quot;:&quot;0&quot;,&quot;title&quot;:&quot;&quot;,&quot;orientation&quot;:&quot;0&quot;}\" data-image-title=\"Hinnat-nous\" data-image-description=\"\" data-image-caption=\"\" data-medium-file=\"https:\/\/www.kukakuunteleekoyhaa.fi\/wordpress\/wp-content\/uploads\/2024\/11\/Hinnat-nous-300x300.png\" data-large-file=\"https:\/\/www.kukakuunteleekoyhaa.fi\/wordpress\/wp-content\/uploads\/2024\/11\/Hinnat-nous-1024x1024.png\" loading=\"lazy\" width=\"1024\" height=\"1024\" src=\"https:\/\/www.kukakuunteleekoyhaa.fi\/wordpress\/wp-content\/uploads\/2024\/11\/Hinnat-nous-1024x1024.png\" alt=\"\" data-id=\"4804\" data-full-url=\"https:\/\/www.kukakuunteleekoyhaa.fi\/wordpress\/wp-content\/uploads\/2024\/11\/Hinnat-nous.png\" data-link=\"https:\/\/www.kukakuunteleekoyhaa.fi\/wordpress\/?attachment_id=4804\" class=\"wp-image-4804\" srcset=\"https:\/\/www.kukakuunteleekoyhaa.fi\/wordpress\/wp-content\/uploads\/2024\/11\/Hinnat-nous-1024x1024.png 1024w, https:\/\/www.kukakuunteleekoyhaa.fi\/wordpress\/wp-content\/uploads\/2024\/11\/Hinnat-nous-300x300.png 300w, https:\/\/www.kukakuunteleekoyhaa.fi\/wordpress\/wp-content\/uploads\/2024\/11\/Hinnat-nous-150x150.png 150w, https:\/\/www.kukakuunteleekoyhaa.fi\/wordpress\/wp-content\/uploads\/2024\/11\/Hinnat-nous-768x768.png 768w, https:\/\/www.kukakuunteleekoyhaa.fi\/wordpress\/wp-content\/uploads\/2024\/11\/Hinnat-nous-100x100.png 100w, https:\/\/www.kukakuunteleekoyhaa.fi\/wordpress\/wp-content\/uploads\/2024\/11\/Hinnat-nous-200x200.png 200w, https:\/\/www.kukakuunteleekoyhaa.fi\/wordpress\/wp-content\/uploads\/2024\/11\/Hinnat-nous-450x450.png 450w, https:\/\/www.kukakuunteleekoyhaa.fi\/wordpress\/wp-content\/uploads\/2024\/11\/Hinnat-nous-600x600.png 600w, https:\/\/www.kukakuunteleekoyhaa.fi\/wordpress\/wp-content\/uploads\/2024\/11\/Hinnat-nous-900x900.png 900w, https:\/\/www.kukakuunteleekoyhaa.fi\/wordpress\/wp-content\/uploads\/2024\/11\/Hinnat-nous.png 1080w\" sizes=\"(max-width: 1024px) 100vw, 1024px\" \/><\/figure><\/li><li class=\"blocks-gallery-item\"><figure><img data-attachment-id=\"4800\" data-permalink=\"https:\/\/www.kukakuunteleekoyhaa.fi\/wordpress\/2024\/11\/koyhyysviikko-kaynnistyy-4-11-ota-kayttoon-some-materiaali-kayttoon\/tapaan-suku\/\" data-orig-file=\"https:\/\/www.kukakuunteleekoyhaa.fi\/wordpress\/wp-content\/uploads\/2024\/11\/Tapaan-suku.png\" data-orig-size=\"1080,1080\" data-comments-opened=\"0\" data-image-meta=\"{&quot;aperture&quot;:&quot;0&quot;,&quot;credit&quot;:&quot;&quot;,&quot;camera&quot;:&quot;&quot;,&quot;caption&quot;:&quot;&quot;,&quot;created_timestamp&quot;:&quot;0&quot;,&quot;copyright&quot;:&quot;&quot;,&quot;focal_length&quot;:&quot;0&quot;,&quot;iso&quot;:&quot;0&quot;,&quot;shutter_speed&quot;:&quot;0&quot;,&quot;title&quot;:&quot;&quot;,&quot;orientation&quot;:&quot;0&quot;}\" data-image-title=\"Tapaan-suku\" data-image-description=\"\" data-image-caption=\"\" data-medium-file=\"https:\/\/www.kukakuunteleekoyhaa.fi\/wordpress\/wp-content\/uploads\/2024\/11\/Tapaan-suku-300x300.png\" data-large-file=\"https:\/\/www.kukakuunteleekoyhaa.fi\/wordpress\/wp-content\/uploads\/2024\/11\/Tapaan-suku-1024x1024.png\" loading=\"lazy\" width=\"1024\" height=\"1024\" src=\"https:\/\/www.kukakuunteleekoyhaa.fi\/wordpress\/wp-content\/uploads\/2024\/11\/Tapaan-suku-1024x1024.png\" alt=\"\" data-id=\"4800\" data-link=\"https:\/\/www.kukakuunteleekoyhaa.fi\/wordpress\/?attachment_id=4800\" class=\"wp-image-4800\" srcset=\"https:\/\/www.kukakuunteleekoyhaa.fi\/wordpress\/wp-content\/uploads\/2024\/11\/Tapaan-suku-1024x1024.png 1024w, https:\/\/www.kukakuunteleekoyhaa.fi\/wordpress\/wp-content\/uploads\/2024\/11\/Tapaan-suku-300x300.png 300w, https:\/\/www.kukakuunteleekoyhaa.fi\/wordpress\/wp-content\/uploads\/2024\/11\/Tapaan-suku-150x150.png 150w, https:\/\/www.kukakuunteleekoyhaa.fi\/wordpress\/wp-content\/uploads\/2024\/11\/Tapaan-suku-768x768.png 768w, https:\/\/www.kukakuunteleekoyhaa.fi\/wordpress\/wp-content\/uploads\/2024\/11\/Tapaan-suku-100x100.png 100w, https:\/\/www.kukakuunteleekoyhaa.fi\/wordpress\/wp-content\/uploads\/2024\/11\/Tapaan-suku-200x200.png 200w, https:\/\/www.kukakuunteleekoyhaa.fi\/wordpress\/wp-content\/uploads\/2024\/11\/Tapaan-suku-450x450.png 450w, https:\/\/www.kukakuunteleekoyhaa.fi\/wordpress\/wp-content\/uploads\/2024\/11\/Tapaan-suku-600x600.png 600w, https:\/\/www.kukakuunteleekoyhaa.fi\/wordpress\/wp-content\/uploads\/2024\/11\/Tapaan-suku-900x900.png 900w, https:\/\/www.kukakuunteleekoyhaa.fi\/wordpress\/wp-content\/uploads\/2024\/11\/Tapaan-suku.png 1080w\" sizes=\"(max-width: 1024px) 100vw, 1024px\" \/><\/figure><\/li><li class=\"blocks-gallery-item\"><figure><img data-attachment-id=\"4801\" data-permalink=\"https:\/\/www.kukakuunteleekoyhaa.fi\/wordpress\/2024\/11\/koyhyysviikko-kaynnistyy-4-11-ota-kayttoon-some-materiaali-kayttoon\/tyoni-meni\/\" data-orig-file=\"https:\/\/www.kukakuunteleekoyhaa.fi\/wordpress\/wp-content\/uploads\/2024\/11\/Tyoni-meni.png\" data-orig-size=\"1080,1080\" data-comments-opened=\"0\" data-image-meta=\"{&quot;aperture&quot;:&quot;0&quot;,&quot;credit&quot;:&quot;&quot;,&quot;camera&quot;:&quot;&quot;,&quot;caption&quot;:&quot;&quot;,&quot;created_timestamp&quot;:&quot;0&quot;,&quot;copyright&quot;:&quot;&quot;,&quot;focal_length&quot;:&quot;0&quot;,&quot;iso&quot;:&quot;0&quot;,&quot;shutter_speed&quot;:&quot;0&quot;,&quot;title&quot;:&quot;&quot;,&quot;orientation&quot;:&quot;0&quot;}\" data-image-title=\"Tyoni-meni\" data-image-description=\"\" data-image-caption=\"\" data-medium-file=\"https:\/\/www.kukakuunteleekoyhaa.fi\/wordpress\/wp-content\/uploads\/2024\/11\/Tyoni-meni-300x300.png\" data-large-file=\"https:\/\/www.kukakuunteleekoyhaa.fi\/wordpress\/wp-content\/uploads\/2024\/11\/Tyoni-meni-1024x1024.png\" loading=\"lazy\" width=\"1024\" height=\"1024\" src=\"https:\/\/www.kukakuunteleekoyhaa.fi\/wordpress\/wp-content\/uploads\/2024\/11\/Tyoni-meni-1024x1024.png\" alt=\"\" data-id=\"4801\" data-full-url=\"https:\/\/www.kukakuunteleekoyhaa.fi\/wordpress\/wp-content\/uploads\/2024\/11\/Tyoni-meni.png\" data-link=\"https:\/\/www.kukakuunteleekoyhaa.fi\/wordpress\/?attachment_id=4801\" class=\"wp-image-4801\" srcset=\"https:\/\/www.kukakuunteleekoyhaa.fi\/wordpress\/wp-content\/uploads\/2024\/11\/Tyoni-meni-1024x1024.png 1024w, https:\/\/www.kukakuunteleekoyhaa.fi\/wordpress\/wp-content\/uploads\/2024\/11\/Tyoni-meni-300x300.png 300w, https:\/\/www.kukakuunteleekoyhaa.fi\/wordpress\/wp-content\/uploads\/2024\/11\/Tyoni-meni-150x150.png 150w, https:\/\/www.kukakuunteleekoyhaa.fi\/wordpress\/wp-content\/uploads\/2024\/11\/Tyoni-meni-768x768.png 768w, https:\/\/www.kukakuunteleekoyhaa.fi\/wordpress\/wp-content\/uploads\/2024\/11\/Tyoni-meni-100x100.png 100w, https:\/\/www.kukakuunteleekoyhaa.fi\/wordpress\/wp-content\/uploads\/2024\/11\/Tyoni-meni-200x200.png 200w, https:\/\/www.kukakuunteleekoyhaa.fi\/wordpress\/wp-content\/uploads\/2024\/11\/Tyoni-meni-450x450.png 450w, https:\/\/www.kukakuunteleekoyhaa.fi\/wordpress\/wp-content\/uploads\/2024\/11\/Tyoni-meni-600x600.png 600w, https:\/\/www.kukakuunteleekoyhaa.fi\/wordpress\/wp-content\/uploads\/2024\/11\/Tyoni-meni-900x900.png 900w, https:\/\/www.kukakuunteleekoyhaa.fi\/wordpress\/wp-content\/uploads\/2024\/11\/Tyoni-meni.png 1080w\" sizes=\"(max-width: 1024px) 100vw, 1024px\" \/><\/figure><\/li><\/ul><figcaption class=\"blocks-gallery-caption\">Kuvissa k\u00f6yhyytt\u00e4 kokeneiden kuvauksia el\u00e4m\u00e4st\u00e4\u00e4n<\/figcaption><\/figure>\n\n\n\n<h2>Katso kampanjan tavoitteet, tietoa t\u00e4m\u00e4nhetkisest\u00e4 k\u00f6yhyystilanteesta sek\u00e4 ideoita kuinka voit osallistua!<\/h2>\n\n\n\n<p>Materiaalit l\u00f6ytyv\u00e4t seuraavista linkeist\u00e4 (drivess\u00e4 on kaikki):<br><strong>Linkki Driveen (voit ladata kansion itselle)<\/strong><br><a href=\"https:\/\/drive.google.com\/drive\/folders\/1Z6UxD6TVVRTR7QlECuFA8F6jaZBHb3W9?usp=sharing\">https:\/\/drive.google.com\/drive\/folders\/1Z6UxD6TVVRTR7QlECuFA8F6jaZBHb3W9?usp=sharing<\/a><br><strong>Linkki EAPN-fin uutiseen<\/strong>:<br><a href=\"https:\/\/www.eapn.fi\/koyhyysviikko-4-10-2024\/\">https:\/\/www.eapn.fi\/koyhyysviikko-4-10-2024\/<\/a><br><strong>Kuka kuuntelee k\u00f6yh\u00e4\u00e4 instagram:<\/strong><br>@3kverkosto<\/p>\n\n\n\n<p><strong>Kiitos kun osallistut yhteiseen taisteluun k\u00f6yhyytt\u00e4 vastaan!<\/strong><\/p>\n\n\n\n<p><strong>Soitolla tai viestill\u00e4 saat lis\u00e4tietoja!<\/strong><br>Linn\u00e9a Partanen<br>0504414440 (whatsapp nopeampi ja varmempi)<br>merecaaa ( @) gmail.com<\/p>\n","protected":false},"excerpt":{"rendered":"<p>Tehd\u00e4\u00e4n k\u00f6yhyys n\u00e4kyv\u00e4ksi valtakunnallisella K\u00f6yhyysviikolla, jota vietet\u00e4\u00e4n ensimm\u00e4ist\u00e4 kertaa 4.-10.11.2024. Auta meit\u00e4 nostamaan k\u00f6yhyys keskusteluun ja osallistu omalla tavallasi kampanjaan! Keinoja osallistua k\u00f6yhyysviikkoon Jaa somessa k\u00f6yhyysviikon materiaalia Jaa tietoa k\u00f6yhyydest\u00e4 Julkaise oma k\u00f6yhyyskokemuksesi somessa, blogina, mielipidekirjoituksena Julkaise organisaatiosi j\u00e4senten k\u00f6yhyyskokemuksia<span class=\"ellipsis\">&hellip;<\/span><\/p>\n<div class=\"read-more\"><a href=\"https:\/\/www.kukakuunteleekoyhaa.fi\/wordpress\/2024\/11\/koyhyysviikko-kaynnistyy-4-11-ota-kayttoon-some-materiaali-kayttoon\/\">Lue lis\u00e4\u00e4 \u203a<\/a><\/div>\n<p><!-- end of .read-more --><\/p>\n","protected":false},"author":4,"featured_media":0,"comment_status":"closed","ping_status":"closed","sticky":false,"template":"","format":"standard","meta":{"spay_email":""},"categories":[5],"tags":[],"jetpack_featured_media_url":"","jetpack_shortlink":"https:\/\/wp.me\/p8vRYp-1fo","_links":{"self":[{"href":"https:\/\/www.kukakuunteleekoyhaa.fi\/wordpress\/wp-json\/wp\/v2\/posts\/4798"}],"collection":[{"href":"https:\/\/www.kukakuunteleekoyhaa.fi\/wordpress\/wp-json\/wp\/v2\/posts"}],"about":[{"href":"https:\/\/www.kukakuunteleekoyhaa.fi\/wordpress\/wp-json\/wp\/v2\/types\/post"}],"author":[{"embeddable":true,"href":"https:\/\/www.kukakuunteleekoyhaa.fi\/wordpress\/wp-json\/wp\/v2\/users\/4"}],"replies":[{"embeddable":true,"href":"https:\/\/www.kukakuunteleekoyhaa.fi\/wordpress\/wp-json\/wp\/v2\/comments?post=4798"}],"version-history":[{"count":3,"href":"https:\/\/www.kukakuunteleekoyhaa.fi\/wordpress\/wp-json\/wp\/v2\/posts\/4798\/revisions"}],"predecessor-version":[{"id":4808,"href":"https:\/\/www.kukakuunteleekoyhaa.fi\/wordpress\/wp-json\/wp\/v2\/posts\/4798\/revisions\/4808"}],"wp:attachment":[{"href":"https:\/\/www.kukakuunteleekoyhaa.fi\/wordpress\/wp-json\/wp\/v2\/media?parent=4798"}],"wp:term":[{"taxonomy":"category","embeddable":true,"href":"https:\/\/www.kukakuunteleekoyhaa.fi\/wordpress\/wp-json\/wp\/v2\/categories?post=4798"},{"taxonomy":"post_tag","embeddable":true,"href":"https:\/\/www.kukakuunteleekoyhaa.fi\/wordpress\/wp-json\/wp\/v2\/tags?post=4798"}],"curies":[{"name":"wp","href":"https:\/\/api.w.org\/{rel}","templated":true}]}}