{"id":4820,"date":"2025-03-06T15:51:07","date_gmt":"2025-03-06T13:51:07","guid":{"rendered":"https:\/\/www.kukakuunteleekoyhaa.fi\/wordpress\/?p=4820"},"modified":"2025-03-07T13:28:18","modified_gmt":"2025-03-07T11:28:18","slug":"koyhyysaiheiset-alue-ja-kuntavaalien-keskustelutilaisuudet-tulossa","status":"publish","type":"post","link":"https:\/\/www.kukakuunteleekoyhaa.fi\/wordpress\/2025\/03\/koyhyysaiheiset-alue-ja-kuntavaalien-keskustelutilaisuudet-tulossa\/","title":{"rendered":"K\u00f6yhyysaiheiset alue- ja kuntavaalien keskustelutilaisuudet tulossa!"},"content":{"rendered":"\n<p>Kuka kuuntelee k\u00f6yh\u00e4\u00e4? -verkosto ja Suomen k\u00f6yhyyden vastaisen verkoston EAPN-Finin kansalaistoimintaryhm\u00e4 yhteisty\u00f6kumppaneineen j\u00e4rjest\u00e4v\u00e4t maalis- ja huhtikuun aikana nelj\u00e4 alueellista keskustelutilaisuutta p\u00e4\u00e4kaupunkiseudulla alue- ja kuntavaaleihin liittyen. Tilaisuuksien aiheita ovat asunnottomuus, ty\u00f6llisyys, hyvinvointi, terveys ja sosiaalipalvelut sek\u00e4 vammaispalvelut. <br><strong>Tapahtumat ovat avoimia kaikille kiinnostuneille!<\/strong><\/p>\n\n\n\n<p>Paikalle paneelikeskusteluihin on kutsuttu paikallisia kunta- ja aluevaaliehdokkaita. Mukana on j\u00e4rjest\u00f6jen ja yhteisty\u00f6kumppaneiden ammattilaisia sek\u00e4 kokemusasiantuntijoita. <strong>Tilaisuuksiin etsit\u00e4\u00e4n k\u00f6yhyytt\u00e4 kokeneita, jotka voisivat tulla tilaisuuksiin kertomaan omia kokemuksiaan tilaisuuksien aiheista! <\/strong>Jos sinua kiinnostaa kertoa oma k\u00f6yhyyskokemuksesi, niin ota yhteytt\u00e4 suoraan tilaisuuden yhteyshenkil\u00f6\u00f6n.<\/p>\n\n\n\n<p>Tilaisuuksien tarkempaa ohjelmaa p\u00e4ivitet\u00e4\u00e4n ja kannattaa seurata Instagram tili\u00e4mme @3kverkosto tai Facebook ryhm\u00e4\u00e4 <strong>Kuka kuuntelee k\u00f6yh\u00e4\u00e4<\/strong>.<\/p>\n\n\n\n<p class=\"has-large-font-size\"><strong><em>K\u00f6yhyysaiheiset kunta- ja aluevaalien keskustelutilaisuudet ovat:<\/em><\/strong><\/p>\n\n\n\n<p><strong>Kuka kuuntelee k\u00f6yh\u00e4\u00e4 vantaalaista? <\/strong>-keskustelutilaisuustiistaina 18.3. klo 17\u201319 Koivukyl\u00e4n Toimarissa, Iltaolkkari-tilassa, Hakopolku 2, 2 krs, 01360 Vantaa. Tila on esteet\u00f6n.&nbsp;Hissi torin puolella.<br>Tilaisuuden teemoina ovat kunta ja hyvinvointialueen asukkaiden hyvinvoinnin ja terveyden edist\u00e4minen. Paneeliin kutsutaan kunta- ja aluevaaliehdokkaita sek\u00e4 k\u00f6yhyytt\u00e4 kokeneita keskustelemaan.<\/p>\n\n\n\n<p>Ehdokkaat ja k\u00f6yhyytt\u00e4 kokeneet voivat ilmoittautua suoraan tilaisuuden yhteyshenkil\u00f6lle:<br>Karjalainen, <a href=\"mailto:jouko.karjalainen@saunalahti.fi\">jouko.karjalainen(@)saunalahti.fi<\/a> 040 5475723<\/p>\n\n\n\n<p><\/p>\n\n\n\n<p><strong>Kuka kuuntelee k\u00f6yh\u00e4\u00e4 espoolaista?<\/strong> -keskustelutilaisuus torstaina 20.3.2025 kello 17\u201319<br>Tapiolan kirkko, Kirkkopolku 6, 02100 Espoo. Tila on esteet\u00f6n. Kahvitarjoilu.<br>Paneeliin kutsutaan kuntavaaliehdokkaita ja L\u00e4nsi-Uudenmaan hyvinvointialueen ehdokkaita sek\u00e4 k\u00f6yhyytt\u00e4 kokeneita keskustelemaan ajankohtaisten sote-palveluiden leikkausten vaikuttavuudesta espoolaisten hyvinvointiin.<\/p>\n\n\n\n<p>Ehdokkaat ja k\u00f6yhyytt\u00e4 kokeneet voivat ilmoittautua suoraan tilaisuuden yhteyshenkil\u00f6lle:<br>Lilli Snellman, <a href=\"mailto:lilli.snellman@evl.fi\">lilli.snellman(@)evl.fi<\/a> 040 531 1006<\/p>\n\n\n\n<p><\/p>\n\n\n\n<p><strong>Kuka kuuntelee asunnotonta? <\/strong>-keskustelutilaisuus<br>1.4. klo 15\u201317 Toimintakeskus Vepa, Ratamestarinkatu 6, 00520 Helsinki. Tilaan ei p\u00e4\u00e4se py\u00f6r\u00e4tuolilla ilman avustajaa. Kahvitarjoilu.<br>Tilaisuuden teemoja ovat asuntopolitiikka, asunnottomuus ja hyvinvointipalvelut. Paneeliin kutsutaan kuntavaaliehdokkaita sek\u00e4 k\u00f6yhyytt\u00e4 kokeneita keskustelemaan. Porttiteatteri mukana!<\/p>\n\n\n\n<p>Ehdokkaat ja k\u00f6yhyytt\u00e4 kokeneet voivat ilmoittautua suoraan tilaisuuden yhteyshenkil\u00f6ille: Erja Morottaja, <a href=\"mailto:erja.morottaja@vvary.fi\">erja.morottaja(@)vvary.fi<\/a><br>Maarit Kiprianoff <a href=\"mailto:maarit.kiprianoff@vva.fi\">maarit.kiprianoff(@)<a href=\"mailto:erja.morottaja@vvary.fi\">vvary.fi<\/a><\/a><\/p>\n\n\n\n<p><\/p>\n\n\n\n<p><strong>Kuka kuuntelee k\u00f6yh\u00e4\u00e4:&nbsp;Uusi vammaispalvelulaki ja hyvinvointipalvelut&nbsp;<\/strong>-keskustelutilaisuus<br>8.4. klo 15\u201317 Malmin Varustamo, Pekanraitti 16, 00700 Helsinki. Tilassa on \u00e4\u00e4nentoisto ja se on esteet\u00f6n. Teemoina hyvinvointipalvelut ja erityisesti uusi vammaispalvelulaki. Paneeliin kutsutaan kuntavaaliehdokkaita sek\u00e4 k\u00f6yhyytt\u00e4 kokeneita keskustelemaan.<\/p>\n\n\n\n<p>Ehdokkaat ja k\u00f6yhyytt\u00e4 kokeneet voivat ilmoittautua suoraan tilaisuuden yhteyshenkil\u00f6ille: Tuula Paasivirta <a href=\"mailto:tuula.paasivirta@gmail.com\">tuula.paasivirta(@)gmail.com<\/a> 040-5569079&nbsp;<br>Elina Leppihalme <a href=\"mailto:elina.leppihalme@evl.fi\">elina.leppihalme(@)evl.fi<\/a>&nbsp;050 373 2323 \/ 09 2340 4525<\/p>\n","protected":false},"excerpt":{"rendered":"<p>Kuka kuuntelee k\u00f6yh\u00e4\u00e4? -verkosto ja Suomen k\u00f6yhyyden vastaisen verkoston EAPN-Finin kansalaistoimintaryhm\u00e4 yhteisty\u00f6kumppaneineen j\u00e4rjest\u00e4v\u00e4t maalis- ja huhtikuun aikana nelj\u00e4 alueellista keskustelutilaisuutta p\u00e4\u00e4kaupunkiseudulla alue- ja kuntavaaleihin liittyen. Tilaisuuksien aiheita ovat asunnottomuus, ty\u00f6llisyys, hyvinvointi, terveys ja sosiaalipalvelut sek\u00e4 vammaispalvelut. Tapahtumat ovat avoimia kaikille<span class=\"ellipsis\">&hellip;<\/span><\/p>\n<div class=\"read-more\"><a href=\"https:\/\/www.kukakuunteleekoyhaa.fi\/wordpress\/2025\/03\/koyhyysaiheiset-alue-ja-kuntavaalien-keskustelutilaisuudet-tulossa\/\">Lue lis\u00e4\u00e4 \u203a<\/a><\/div>\n<p><!-- end of .read-more --><\/p>\n","protected":false},"author":4,"featured_media":0,"comment_status":"closed","ping_status":"closed","sticky":false,"template":"","format":"standard","meta":{"spay_email":""},"categories":[5],"tags":[],"jetpack_featured_media_url":"","jetpack_shortlink":"https:\/\/wp.me\/p8vRYp-1fK","_links":{"self":[{"href":"https:\/\/www.kukakuunteleekoyhaa.fi\/wordpress\/wp-json\/wp\/v2\/posts\/4820"}],"collection":[{"href":"https:\/\/www.kukakuunteleekoyhaa.fi\/wordpress\/wp-json\/wp\/v2\/posts"}],"about":[{"href":"https:\/\/www.kukakuunteleekoyhaa.fi\/wordpress\/wp-json\/wp\/v2\/types\/post"}],"author":[{"embeddable":true,"href":"https:\/\/www.kukakuunteleekoyhaa.fi\/wordpress\/wp-json\/wp\/v2\/users\/4"}],"replies":[{"embeddable":true,"href":"https:\/\/www.kukakuunteleekoyhaa.fi\/wordpress\/wp-json\/wp\/v2\/comments?post=4820"}],"version-history":[{"count":2,"href":"https:\/\/www.kukakuunteleekoyhaa.fi\/wordpress\/wp-json\/wp\/v2\/posts\/4820\/revisions"}],"predecessor-version":[{"id":4823,"href":"https:\/\/www.kukakuunteleekoyhaa.fi\/wordpress\/wp-json\/wp\/v2\/posts\/4820\/revisions\/4823"}],"wp:attachment":[{"href":"https:\/\/www.kukakuunteleekoyhaa.fi\/wordpress\/wp-json\/wp\/v2\/media?parent=4820"}],"wp:term":[{"taxonomy":"category","embeddable":true,"href":"https:\/\/www.kukakuunteleekoyhaa.fi\/wordpress\/wp-json\/wp\/v2\/categories?post=4820"},{"taxonomy":"post_tag","embeddable":true,"href":"https:\/\/www.kukakuunteleekoyhaa.fi\/wordpress\/wp-json\/wp\/v2\/tags?post=4820"}],"curies":[{"name":"wp","href":"https:\/\/api.w.org\/{rel}","templated":true}]}}